{"id":5634,"date":"2025-09-12T14:43:59","date_gmt":"2025-09-12T17:43:59","guid":{"rendered":"https:\/\/www.cetap.org.br\/site\/?p=5634"},"modified":"2025-09-15T14:48:46","modified_gmt":"2025-09-15T17:48:46","slug":"20a-feira-de-sementes-crioulas-e-agrobiodiversidade-contribui-na-ampliacao-da-diversidade-genetica-de-sementes","status":"publish","type":"post","link":"https:\/\/www.cetap.org.br\/site\/20a-feira-de-sementes-crioulas-e-agrobiodiversidade-contribui-na-ampliacao-da-diversidade-genetica-de-sementes\/","title":{"rendered":"20\u00aa Feira de Sementes Crioulas e Agrobiodiversidade contribui na amplia\u00e7\u00e3o da diversidade gen\u00e9tica de sementes"},"content":{"rendered":"\t\t<div data-elementor-type=\"wp-post\" data-elementor-id=\"5634\" class=\"elementor elementor-5634\" data-elementor-post-type=\"post\">\n\t\t\t\t\t\t<section class=\"elementor-section elementor-top-section elementor-element elementor-element-2b62b76b elementor-section-boxed elementor-section-height-default elementor-section-height-default\" data-id=\"2b62b76b\" data-element_type=\"section\" data-e-type=\"section\">\n\t\t\t\t\t\t<div class=\"elementor-container elementor-column-gap-default\">\n\t\t\t\t\t<div class=\"elementor-column elementor-col-100 elementor-top-column elementor-element elementor-element-554d7a0c\" data-id=\"554d7a0c\" data-element_type=\"column\" data-e-type=\"column\">\n\t\t\t<div class=\"elementor-widget-wrap elementor-element-populated\">\n\t\t\t\t\t\t<div class=\"elementor-element elementor-element-344daa7b elementor-widget elementor-widget-text-editor\" data-id=\"344daa7b\" data-element_type=\"widget\" data-e-type=\"widget\" data-widget_type=\"text-editor.default\">\n\t\t\t\t<div class=\"elementor-widget-container\">\n\t\t\t\t\t\t\t\t\t\n<p>O Centro de Tecnologias Alternativas Populares (CETAP) organizou uma caravana com 15 pessoas, entre agricultores e agricultoras, meliponicultores e estudantes do N\u00facleo de Estudos em Agroecologia da Universidade de Passo Fundo (NEA-UPF) para participar da 20\u00aa Feira Regional de Sementes Crioulas e da Agrobiodiversidade, realizada nos dias 29 e 30 de agosto, em Teixeira Soares, regi\u00e3o centro-sul do Paran\u00e1.<\/p>\n\n\n\n<p>A participa\u00e7\u00e3o na feira teve como objetivo ampliar a diversidade gen\u00e9tica de sementes nas \u00e1reas de produ\u00e7\u00e3o e fortalecer a tem\u00e1tica para a multiplica\u00e7\u00e3o da agrobiodiversidade nas regi\u00f5es de atua\u00e7\u00e3o do CETAP.<\/p>\n\n\n\n<p>Durante o interc\u00e2mbio, a equipe t\u00e9cnica do CETAP e os meliponicultores expuseram o trabalho desenvolvido com abelhas nativas sem ferr\u00e3o. Por meio de materiais t\u00e9cnicos e demonstra\u00e7\u00f5es, houve troca de conhecimentos com agricultores guardi\u00f5es de sementes e meliponicultores do sul do Brasil. O evento tamb\u00e9m permitiu a aquisi\u00e7\u00e3o de sementes e mudas de plantas melit\u00f3filas, que ir\u00e3o enriquecer a biodiversidade junto aos melipon\u00e1rios.<\/p>\n\n\n\n<p>A Feira de Sementes e da Agrobiodiversidade contou com aproximadamente 120 bancas expositoras, apresentando uma diversidade de sementes crioulas, sementes nativas e mudas. As bancas foram compostas por agricultores familiares, extrativistas, comunidades quilombolas, comunidades faxinais, assentados de reforma agr\u00e1ria e povos ind\u00edgenas\/tradicionais, al\u00e9m de entidades de pesquisa e apoio \u00e0 agroecologia. <\/p>\n\n\n\n<p>No decorrer do evento, foi lan\u00e7ado o projeto \u201cDa Terra \u00e0 Mesa: promo\u00e7\u00e3o, fortalecimento e amplia\u00e7\u00e3o de sistemas de produ\u00e7\u00e3o agroecol\u00f3gicos e em transi\u00e7\u00e3o, por meio de processos de estrutura\u00e7\u00e3o produtiva, acompanhamento t\u00e9cnico e forma\u00e7\u00e3o para agricultoras e agricultores familiares do Sul do Brasil\u201d. O projeto j\u00e1 est\u00e1 em andamento e tem o Centro Vianei como proponente, com o CETAP, Cepagro, Cemear e AS-PTA como executoras.<\/p>\n\t\t\t\t\t\t\t\t<\/div>\n\t\t\t\t<\/div>\n\t\t\t\t\t<\/div>\n\t\t<\/div>\n\t\t\t\t\t<\/div>\n\t\t<\/section>\n\t\t\t\t<section class=\"elementor-section elementor-top-section elementor-element elementor-element-45b831b elementor-section-boxed elementor-section-height-default elementor-section-height-default\" data-id=\"45b831b\" data-element_type=\"section\" data-e-type=\"section\">\n\t\t\t\t\t\t<div class=\"elementor-container elementor-column-gap-default\">\n\t\t\t\t\t<div class=\"elementor-column elementor-col-100 elementor-top-column elementor-element elementor-element-07948b7\" data-id=\"07948b7\" data-element_type=\"column\" data-e-type=\"column\">\n\t\t\t<div class=\"elementor-widget-wrap elementor-element-populated\">\n\t\t\t\t\t\t<div class=\"elementor-element elementor-element-7db6588 elementor-widget elementor-widget-gallery\" data-id=\"7db6588\" data-element_type=\"widget\" data-e-type=\"widget\" data-settings=\"{&quot;gallery_layout&quot;:&quot;justified&quot;,&quot;lazyload&quot;:&quot;yes&quot;,&quot;ideal_row_height&quot;:{&quot;unit&quot;:&quot;px&quot;,&quot;size&quot;:200,&quot;sizes&quot;:[]},&quot;ideal_row_height_tablet&quot;:{&quot;unit&quot;:&quot;px&quot;,&quot;size&quot;:150,&quot;sizes&quot;:[]},&quot;ideal_row_height_mobile&quot;:{&quot;unit&quot;:&quot;px&quot;,&quot;size&quot;:150,&quot;sizes&quot;:[]},&quot;gap&quot;:{&quot;unit&quot;:&quot;px&quot;,&quot;size&quot;:10,&quot;sizes&quot;:[]},&quot;gap_tablet&quot;:{&quot;unit&quot;:&quot;px&quot;,&quot;size&quot;:10,&quot;sizes&quot;:[]},&quot;gap_mobile&quot;:{&quot;unit&quot;:&quot;px&quot;,&quot;size&quot;:10,&quot;sizes&quot;:[]},&quot;link_to&quot;:&quot;file&quot;,&quot;overlay_background&quot;:&quot;yes&quot;,&quot;content_hover_animation&quot;:&quot;fade-in&quot;}\" data-widget_type=\"gallery.default\">\n\t\t\t\t<div class=\"elementor-widget-container\">\n\t\t\t\t\t\t\t<div class=\"elementor-gallery__container\">\n\t\t\t\t\t\t\t<a class=\"e-gallery-item elementor-gallery-item elementor-animated-content\" href=\"https:\/\/www.cetap.org.br\/site\/wp-content\/uploads\/2025\/09\/2025-08-30_Feira-Sementes-Crioulas-04.jpg\" data-elementor-open-lightbox=\"yes\" data-elementor-lightbox-slideshow=\"7db6588\" data-elementor-lightbox-title=\"2025-08-30_Feira-Sementes-Crioulas-04\" data-e-action-hash=\"#elementor-action%3Aaction%3Dlightbox%26settings%3DeyJpZCI6NTYzNywidXJsIjoiaHR0cHM6XC9cL3d3dy5jZXRhcC5vcmcuYnJcL3NpdGVcL3dwLWNvbnRlbnRcL3VwbG9hZHNcLzIwMjVcLzA5XC8yMDI1LTA4LTMwX0ZlaXJhLVNlbWVudGVzLUNyaW91bGFzLTA0LmpwZyIsInNsaWRlc2hvdyI6IjdkYjY1ODgifQ%3D%3D\">\n\t\t\t\t\t<div class=\"e-gallery-image elementor-gallery-item__image\" data-thumbnail=\"https:\/\/www.cetap.org.br\/site\/wp-content\/uploads\/2025\/09\/2025-08-30_Feira-Sementes-Crioulas-04-300x194.jpg\" data-width=\"300\" data-height=\"194\" aria-label=\"\" role=\"img\" ><\/div>\n\t\t\t\t\t\t\t\t\t\t\t<div class=\"elementor-gallery-item__overlay\"><\/div>\n\t\t\t\t\t\t\t\t\t\t\t\t\t\t<\/a>\n\t\t\t\t\t\t\t<a class=\"e-gallery-item elementor-gallery-item elementor-animated-content\" href=\"https:\/\/www.cetap.org.br\/site\/wp-content\/uploads\/2025\/09\/2025-08-30_Feira-Sementes-Crioulas-03.jpg\" data-elementor-open-lightbox=\"yes\" data-elementor-lightbox-slideshow=\"7db6588\" data-elementor-lightbox-title=\"2025-08-30_Feira-Sementes-Crioulas-03\" data-e-action-hash=\"#elementor-action%3Aaction%3Dlightbox%26settings%3DeyJpZCI6NTY0NCwidXJsIjoiaHR0cHM6XC9cL3d3dy5jZXRhcC5vcmcuYnJcL3NpdGVcL3dwLWNvbnRlbnRcL3VwbG9hZHNcLzIwMjVcLzA5XC8yMDI1LTA4LTMwX0ZlaXJhLVNlbWVudGVzLUNyaW91bGFzLTAzLmpwZyIsInNsaWRlc2hvdyI6IjdkYjY1ODgifQ%3D%3D\">\n\t\t\t\t\t<div class=\"e-gallery-image elementor-gallery-item__image\" data-thumbnail=\"https:\/\/www.cetap.org.br\/site\/wp-content\/uploads\/2025\/09\/2025-08-30_Feira-Sementes-Crioulas-03-300x194.jpg\" data-width=\"300\" data-height=\"194\" aria-label=\"\" role=\"img\" ><\/div>\n\t\t\t\t\t\t\t\t\t\t\t<div class=\"elementor-gallery-item__overlay\"><\/div>\n\t\t\t\t\t\t\t\t\t\t\t\t\t\t<\/a>\n\t\t\t\t\t\t\t<a class=\"e-gallery-item elementor-gallery-item elementor-animated-content\" href=\"https:\/\/www.cetap.org.br\/site\/wp-content\/uploads\/2025\/09\/2025-08-30_Feira-Sementes-Crioulas-02.jpg\" data-elementor-open-lightbox=\"yes\" data-elementor-lightbox-slideshow=\"7db6588\" data-elementor-lightbox-title=\"2025-08-30_Feira-Sementes-Crioulas-02\" data-e-action-hash=\"#elementor-action%3Aaction%3Dlightbox%26settings%3DeyJpZCI6NTY0MywidXJsIjoiaHR0cHM6XC9cL3d3dy5jZXRhcC5vcmcuYnJcL3NpdGVcL3dwLWNvbnRlbnRcL3VwbG9hZHNcLzIwMjVcLzA5XC8yMDI1LTA4LTMwX0ZlaXJhLVNlbWVudGVzLUNyaW91bGFzLTAyLmpwZyIsInNsaWRlc2hvdyI6IjdkYjY1ODgifQ%3D%3D\">\n\t\t\t\t\t<div class=\"e-gallery-image elementor-gallery-item__image\" data-thumbnail=\"https:\/\/www.cetap.org.br\/site\/wp-content\/uploads\/2025\/09\/2025-08-30_Feira-Sementes-Crioulas-02-300x194.jpg\" data-width=\"300\" data-height=\"194\" aria-label=\"\" role=\"img\" ><\/div>\n\t\t\t\t\t\t\t\t\t\t\t<div class=\"elementor-gallery-item__overlay\"><\/div>\n\t\t\t\t\t\t\t\t\t\t\t\t\t\t<\/a>\n\t\t\t\t\t\t\t<a class=\"e-gallery-item elementor-gallery-item elementor-animated-content\" href=\"https:\/\/www.cetap.org.br\/site\/wp-content\/uploads\/2025\/09\/2025-08-30_Feira-Sementes-Crioulas-07.jpg\" data-elementor-open-lightbox=\"yes\" data-elementor-lightbox-slideshow=\"7db6588\" data-elementor-lightbox-title=\"2025-08-30_Feira-Sementes-Crioulas-07\" data-e-action-hash=\"#elementor-action%3Aaction%3Dlightbox%26settings%3DeyJpZCI6NTY0MCwidXJsIjoiaHR0cHM6XC9cL3d3dy5jZXRhcC5vcmcuYnJcL3NpdGVcL3dwLWNvbnRlbnRcL3VwbG9hZHNcLzIwMjVcLzA5XC8yMDI1LTA4LTMwX0ZlaXJhLVNlbWVudGVzLUNyaW91bGFzLTA3LmpwZyIsInNsaWRlc2hvdyI6IjdkYjY1ODgifQ%3D%3D\">\n\t\t\t\t\t<div class=\"e-gallery-image elementor-gallery-item__image\" data-thumbnail=\"https:\/\/www.cetap.org.br\/site\/wp-content\/uploads\/2025\/09\/2025-08-30_Feira-Sementes-Crioulas-07-225x300.jpg\" data-width=\"225\" data-height=\"300\" aria-label=\"\" role=\"img\" ><\/div>\n\t\t\t\t\t\t\t\t\t\t\t<div class=\"elementor-gallery-item__overlay\"><\/div>\n\t\t\t\t\t\t\t\t\t\t\t\t\t\t<\/a>\n\t\t\t\t\t\t\t<a class=\"e-gallery-item elementor-gallery-item elementor-animated-content\" href=\"https:\/\/www.cetap.org.br\/site\/wp-content\/uploads\/2025\/09\/2025-08-30_Feira-Sementes-Crioulas-06.jpg\" data-elementor-open-lightbox=\"yes\" data-elementor-lightbox-slideshow=\"7db6588\" data-elementor-lightbox-title=\"2025-08-30_Feira-Sementes-Crioulas-06\" data-e-action-hash=\"#elementor-action%3Aaction%3Dlightbox%26settings%3DeyJpZCI6NTYzOSwidXJsIjoiaHR0cHM6XC9cL3d3dy5jZXRhcC5vcmcuYnJcL3NpdGVcL3dwLWNvbnRlbnRcL3VwbG9hZHNcLzIwMjVcLzA5XC8yMDI1LTA4LTMwX0ZlaXJhLVNlbWVudGVzLUNyaW91bGFzLTA2LmpwZyIsInNsaWRlc2hvdyI6IjdkYjY1ODgifQ%3D%3D\">\n\t\t\t\t\t<div class=\"e-gallery-image elementor-gallery-item__image\" data-thumbnail=\"https:\/\/www.cetap.org.br\/site\/wp-content\/uploads\/2025\/09\/2025-08-30_Feira-Sementes-Crioulas-06-300x194.jpg\" data-width=\"300\" data-height=\"194\" aria-label=\"\" role=\"img\" ><\/div>\n\t\t\t\t\t\t\t\t\t\t\t<div class=\"elementor-gallery-item__overlay\"><\/div>\n\t\t\t\t\t\t\t\t\t\t\t\t\t\t<\/a>\n\t\t\t\t\t\t\t<a class=\"e-gallery-item elementor-gallery-item elementor-animated-content\" href=\"https:\/\/www.cetap.org.br\/site\/wp-content\/uploads\/2025\/09\/2025-08-30_Feira-Sementes-Crioulas-05.jpg\" data-elementor-open-lightbox=\"yes\" data-elementor-lightbox-slideshow=\"7db6588\" data-elementor-lightbox-title=\"2025-08-30_Feira-Sementes-Crioulas-05\" data-e-action-hash=\"#elementor-action%3Aaction%3Dlightbox%26settings%3DeyJpZCI6NTYzOCwidXJsIjoiaHR0cHM6XC9cL3d3dy5jZXRhcC5vcmcuYnJcL3NpdGVcL3dwLWNvbnRlbnRcL3VwbG9hZHNcLzIwMjVcLzA5XC8yMDI1LTA4LTMwX0ZlaXJhLVNlbWVudGVzLUNyaW91bGFzLTA1LmpwZyIsInNsaWRlc2hvdyI6IjdkYjY1ODgifQ%3D%3D\">\n\t\t\t\t\t<div class=\"e-gallery-image elementor-gallery-item__image\" data-thumbnail=\"https:\/\/www.cetap.org.br\/site\/wp-content\/uploads\/2025\/09\/2025-08-30_Feira-Sementes-Crioulas-05-300x194.jpg\" data-width=\"300\" data-height=\"194\" aria-label=\"\" role=\"img\" ><\/div>\n\t\t\t\t\t\t\t\t\t\t\t<div class=\"elementor-gallery-item__overlay\"><\/div>\n\t\t\t\t\t\t\t\t\t\t\t\t\t\t<\/a>\n\t\t\t\t\t\t\t<a class=\"e-gallery-item elementor-gallery-item elementor-animated-content\" href=\"https:\/\/www.cetap.org.br\/site\/wp-content\/uploads\/2025\/09\/2025-08-30_Feira-Sementes-Crioulas-01.jpg\" data-elementor-open-lightbox=\"yes\" data-elementor-lightbox-slideshow=\"7db6588\" data-elementor-lightbox-title=\"2025-08-30_Feira-Sementes-Crioulas-01\" data-e-action-hash=\"#elementor-action%3Aaction%3Dlightbox%26settings%3DeyJpZCI6NTY0MiwidXJsIjoiaHR0cHM6XC9cL3d3dy5jZXRhcC5vcmcuYnJcL3NpdGVcL3dwLWNvbnRlbnRcL3VwbG9hZHNcLzIwMjVcLzA5XC8yMDI1LTA4LTMwX0ZlaXJhLVNlbWVudGVzLUNyaW91bGFzLTAxLmpwZyIsInNsaWRlc2hvdyI6IjdkYjY1ODgifQ%3D%3D\">\n\t\t\t\t\t<div class=\"e-gallery-image elementor-gallery-item__image\" data-thumbnail=\"https:\/\/www.cetap.org.br\/site\/wp-content\/uploads\/2025\/09\/2025-08-30_Feira-Sementes-Crioulas-01-300x194.jpg\" data-width=\"300\" data-height=\"194\" aria-label=\"\" role=\"img\" ><\/div>\n\t\t\t\t\t\t\t\t\t\t\t<div class=\"elementor-gallery-item__overlay\"><\/div>\n\t\t\t\t\t\t\t\t\t\t\t\t\t\t<\/a>\n\t\t\t\t\t\t\t<a class=\"e-gallery-item elementor-gallery-item elementor-animated-content\" href=\"https:\/\/www.cetap.org.br\/site\/wp-content\/uploads\/2025\/09\/2025-08-30_Feira-Sementes-Crioulas-08.jpg\" data-elementor-open-lightbox=\"yes\" data-elementor-lightbox-slideshow=\"7db6588\" data-elementor-lightbox-title=\"2025-08-30_Feira-Sementes-Crioulas-08\" data-e-action-hash=\"#elementor-action%3Aaction%3Dlightbox%26settings%3DeyJpZCI6NTY0MSwidXJsIjoiaHR0cHM6XC9cL3d3dy5jZXRhcC5vcmcuYnJcL3NpdGVcL3dwLWNvbnRlbnRcL3VwbG9hZHNcLzIwMjVcLzA5XC8yMDI1LTA4LTMwX0ZlaXJhLVNlbWVudGVzLUNyaW91bGFzLTA4LmpwZyIsInNsaWRlc2hvdyI6IjdkYjY1ODgifQ%3D%3D\">\n\t\t\t\t\t<div class=\"e-gallery-image elementor-gallery-item__image\" data-thumbnail=\"https:\/\/www.cetap.org.br\/site\/wp-content\/uploads\/2025\/09\/2025-08-30_Feira-Sementes-Crioulas-08-225x300.jpg\" data-width=\"225\" data-height=\"300\" aria-label=\"\" role=\"img\" ><\/div>\n\t\t\t\t\t\t\t\t\t\t\t<div class=\"elementor-gallery-item__overlay\"><\/div>\n\t\t\t\t\t\t\t\t\t\t\t\t\t\t<\/a>\n\t\t\t\t\t<\/div>\n\t\t\t\t\t<\/div>\n\t\t\t\t<\/div>\n\t\t\t\t\t<\/div>\n\t\t<\/div>\n\t\t\t\t\t<\/div>\n\t\t<\/section>\n\t\t\t\t<\/div>\n\t\t","protected":false},"excerpt":{"rendered":"<p>O CETAP organizou uma caravana de agricultores e agricultoras, meliponicultores e estudantes do NEA-UPF para participar da 20\u00aa Feira Regional de Sementes, nos dias 29 e 30\/08, em Teixeira Soares-PR<\/p>\n","protected":false},"author":1,"featured_media":5642,"comment_status":"closed","ping_status":"closed","sticky":false,"template":"","format":"standard","meta":{"footnotes":""},"categories":[1],"tags":[],"class_list":["post-5634","post","type-post","status-publish","format-standard","has-post-thumbnail","hentry","category-sem-categoria"],"_links":{"self":[{"href":"https:\/\/www.cetap.org.br\/site\/wp-json\/wp\/v2\/posts\/5634","targetHints":{"allow":["GET"]}}],"collection":[{"href":"https:\/\/www.cetap.org.br\/site\/wp-json\/wp\/v2\/posts"}],"about":[{"href":"https:\/\/www.cetap.org.br\/site\/wp-json\/wp\/v2\/types\/post"}],"author":[{"embeddable":true,"href":"https:\/\/www.cetap.org.br\/site\/wp-json\/wp\/v2\/users\/1"}],"replies":[{"embeddable":true,"href":"https:\/\/www.cetap.org.br\/site\/wp-json\/wp\/v2\/comments?post=5634"}],"version-history":[{"count":5,"href":"https:\/\/www.cetap.org.br\/site\/wp-json\/wp\/v2\/posts\/5634\/revisions"}],"predecessor-version":[{"id":5648,"href":"https:\/\/www.cetap.org.br\/site\/wp-json\/wp\/v2\/posts\/5634\/revisions\/5648"}],"wp:featuredmedia":[{"embeddable":true,"href":"https:\/\/www.cetap.org.br\/site\/wp-json\/wp\/v2\/media\/5642"}],"wp:attachment":[{"href":"https:\/\/www.cetap.org.br\/site\/wp-json\/wp\/v2\/media?parent=5634"}],"wp:term":[{"taxonomy":"category","embeddable":true,"href":"https:\/\/www.cetap.org.br\/site\/wp-json\/wp\/v2\/categories?post=5634"},{"taxonomy":"post_tag","embeddable":true,"href":"https:\/\/www.cetap.org.br\/site\/wp-json\/wp\/v2\/tags?post=5634"}],"curies":[{"name":"wp","href":"https:\/\/api.w.org\/{rel}","templated":true}]}}