{"id":5439,"date":"2025-04-30T18:02:04","date_gmt":"2025-04-30T21:02:04","guid":{"rendered":"https:\/\/www.cetap.org.br\/site\/?p=5439"},"modified":"2025-04-30T18:12:34","modified_gmt":"2025-04-30T21:12:34","slug":"encontro-das-estacoes-do-circuito-demonstra-capacidade-de-produzir-alimentos-saudaveis-com-sustentabilidade","status":"publish","type":"post","link":"https:\/\/www.cetap.org.br\/site\/encontro-das-estacoes-do-circuito-demonstra-capacidade-de-produzir-alimentos-saudaveis-com-sustentabilidade\/","title":{"rendered":"Encontro das Esta\u00e7\u00f5es do Circuito demonstra capacidade de produzir alimentos saud\u00e1veis com sustentabilidade"},"content":{"rendered":"\n<h4 class=\"wp-block-heading\">Evento destacou o investimento de R$ 3,8 milh\u00f5es em equipamentos e ve\u00edculos para fortalecer a produ\u00e7\u00e3o, beneficiamento e log\u00edstica de entrega dos produtos<\/h4>\n\n\n\n<p>Em um mundo onde a seguran\u00e7a alimentar e a sustentabilidade se tornam cada vez mais essenciais, iniciativas como a do Circuito de Alimentos Agroecol\u00f3gicos mostram que \u00e9 poss\u00edvel produzir alimentos saud\u00e1veis, gerar renda para as fam\u00edlias agricultoras e preservar o meio ambiente. A demanda por alimentos agroecol\u00f3gicos \u00e9 crescente e um dos desafios \u00e9 ampliar a produ\u00e7\u00e3o, diminuindo a penosidade do trabalho e facilitando a log\u00edstica de transporte.<\/p>\n\n\n\n<p>No dia 25 de abril, representantes das esta\u00e7\u00f5es que comp\u00f5em o Circuito estiveram reunidos na Esta\u00e7\u00e3o Tr\u00eas Arroios, na sede da ECOTERRA (Associa\u00e7\u00e3o Regional de Coopera\u00e7\u00e3o e Agroecologia), em Tr\u00eas Arroios\/RS. O evento p\u00fablico teve o objetivo de divulgar as a\u00e7\u00f5es do projeto \u201cCircuito de Produtos Agroecol\u00f3gicos do Brasil\u201d, que conta com o apoio financeiro da Funda\u00e7\u00e3o Banco do Brasil (FBB), com um investimento de R$ 3,8 milh\u00f5es. O evento reuniu agricultores familiares, agentes de comercializa\u00e7\u00e3o, lideran\u00e7as regionais e autoridades.<\/p>\n\n\n\n<h4 class=\"wp-block-heading\">Coletividade e tecnologia<\/h4>\n\n\n\n<p>A coordenadora geral da ECOTERRA,&nbsp;Andressa Aparecida Martins, destacou que a agroecologia \u00e9 um trabalho coletivo:&nbsp;\u201cEste \u00e9 um dia de agradecimento e comemora\u00e7\u00e3o. Agrade\u00e7o a todos que fazem e apoiam a agroecologia &#8211; rurais, urbanos e, especialmente ao CETAP, que nos assessora desde o in\u00edcio<em>\u201d<\/em>.<\/p>\n\n\n\n<p>J\u00e1 um dos coordenadores do Circuito,&nbsp;Gilmar Ostrovski, enfatizou o impacto dos maquin\u00e1rios adquiridos atrav\u00e9s do projeto:&nbsp;<em>\u201c<\/em>Ainda n\u00e3o caiu a ficha de que agora temos m\u00e1quinas para colheita, limpeza e plantio. Plant\u00e1vamos beterraba em canteiros manualmente; com a plantadeira, multiplicamos nossa capacidade. \u00c9 uma alegria ver a tecnologia chegando ao pequeno agricultor<em>\u201d<\/em>.<\/p>\n\n\n\n<p>Gisemara Polli Ostrovski (Tr\u00eas Arroios\/RS), Antenor Ant\u00f4nio Carraro Junior (Vacaria\/RS), Mateus de Souza (S\u00e3o Jos\u00e9 do Cerito\/SC) e Carla Suliani (S\u00e3o Marcos\/RS) fizeram um relato sobre o envolvimento da juventude no Circuito, destacando o crescente envolvimento com a produ\u00e7\u00e3o de alimentos, a log\u00edstica e a gest\u00e3o das esta\u00e7\u00f5es. A tem\u00e1tica da sucess\u00e3o rural e formas de ampliar a participa\u00e7\u00e3o da juventude na agroecologia \u00e9 uma preocupa\u00e7\u00e3o constante no planejamento das a\u00e7\u00f5es do Circuito.<\/p>\n\n\n\n<figure class=\"wp-block-gallery has-nested-images columns-default is-cropped wp-block-gallery-1 is-layout-flex wp-block-gallery-is-layout-flex\">\n<figure data-wp-context=\"{&quot;imageId&quot;:&quot;69ee0f45a1516&quot;}\" data-wp-interactive=\"core\/image\" data-wp-key=\"69ee0f45a1516\" class=\"wp-block-image size-large wp-lightbox-container\"><img fetchpriority=\"high\" decoding=\"async\" width=\"1024\" height=\"664\" data-wp-class--hide=\"state.isContentHidden\" data-wp-class--show=\"state.isContentVisible\" data-wp-init=\"callbacks.setButtonStyles\" data-wp-on--click=\"actions.showLightbox\" data-wp-on--load=\"callbacks.setButtonStyles\" data-wp-on-window--resize=\"callbacks.setButtonStyles\" data-id=\"5441\" src=\"https:\/\/www.cetap.org.br\/site\/wp-content\/uploads\/2025\/04\/2025-04-25-Encontro-Circuito-01_Foto_MarceloAraujo-1024x664.jpg\" alt=\"\" class=\"wp-image-5441\" srcset=\"https:\/\/www.cetap.org.br\/site\/wp-content\/uploads\/2025\/04\/2025-04-25-Encontro-Circuito-01_Foto_MarceloAraujo-1024x664.jpg 1024w, https:\/\/www.cetap.org.br\/site\/wp-content\/uploads\/2025\/04\/2025-04-25-Encontro-Circuito-01_Foto_MarceloAraujo-300x194.jpg 300w, https:\/\/www.cetap.org.br\/site\/wp-content\/uploads\/2025\/04\/2025-04-25-Encontro-Circuito-01_Foto_MarceloAraujo-768x498.jpg 768w, https:\/\/www.cetap.org.br\/site\/wp-content\/uploads\/2025\/04\/2025-04-25-Encontro-Circuito-01_Foto_MarceloAraujo.jpg 1080w\" sizes=\"(max-width: 1024px) 100vw, 1024px\" \/><button\n\t\t\tclass=\"lightbox-trigger\"\n\t\t\ttype=\"button\"\n\t\t\taria-haspopup=\"dialog\"\n\t\t\taria-label=\"Ampliar\"\n\t\t\tdata-wp-init=\"callbacks.initTriggerButton\"\n\t\t\tdata-wp-on--click=\"actions.showLightbox\"\n\t\t\tdata-wp-style--right=\"state.imageButtonRight\"\n\t\t\tdata-wp-style--top=\"state.imageButtonTop\"\n\t\t>\n\t\t\t<svg xmlns=\"http:\/\/www.w3.org\/2000\/svg\" width=\"12\" height=\"12\" fill=\"none\" viewBox=\"0 0 12 12\">\n\t\t\t\t<path fill=\"#fff\" d=\"M2 0a2 2 0 0 0-2 2v2h1.5V2a.5.5 0 0 1 .5-.5h2V0H2Zm2 10.5H2a.5.5 0 0 1-.5-.5V8H0v2a2 2 0 0 0 2 2h2v-1.5ZM8 12v-1.5h2a.5.5 0 0 0 .5-.5V8H12v2a2 2 0 0 1-2 2H8Zm2-12a2 2 0 0 1 2 2v2h-1.5V2a.5.5 0 0 0-.5-.5H8V0h2Z\" \/>\n\t\t\t<\/svg>\n\t\t<\/button><figcaption class=\"wp-element-caption\">Andressa Martins, coordenagora da Ecoterra (Foto Marcelo Araujo)<\/figcaption><\/figure>\n\n\n\n<figure data-wp-context=\"{&quot;imageId&quot;:&quot;69ee0f45a2016&quot;}\" data-wp-interactive=\"core\/image\" data-wp-key=\"69ee0f45a2016\" class=\"wp-block-image size-large wp-lightbox-container\"><img decoding=\"async\" width=\"1024\" height=\"664\" data-wp-class--hide=\"state.isContentHidden\" data-wp-class--show=\"state.isContentVisible\" data-wp-init=\"callbacks.setButtonStyles\" data-wp-on--click=\"actions.showLightbox\" data-wp-on--load=\"callbacks.setButtonStyles\" data-wp-on-window--resize=\"callbacks.setButtonStyles\" data-id=\"5442\" src=\"https:\/\/www.cetap.org.br\/site\/wp-content\/uploads\/2025\/04\/2025-04-25-Encontro-Circuito-02_Foto_MarceloAraujo-1024x664.jpg\" alt=\"\" class=\"wp-image-5442\" srcset=\"https:\/\/www.cetap.org.br\/site\/wp-content\/uploads\/2025\/04\/2025-04-25-Encontro-Circuito-02_Foto_MarceloAraujo-1024x664.jpg 1024w, https:\/\/www.cetap.org.br\/site\/wp-content\/uploads\/2025\/04\/2025-04-25-Encontro-Circuito-02_Foto_MarceloAraujo-300x194.jpg 300w, https:\/\/www.cetap.org.br\/site\/wp-content\/uploads\/2025\/04\/2025-04-25-Encontro-Circuito-02_Foto_MarceloAraujo-768x498.jpg 768w, https:\/\/www.cetap.org.br\/site\/wp-content\/uploads\/2025\/04\/2025-04-25-Encontro-Circuito-02_Foto_MarceloAraujo.jpg 1080w\" sizes=\"(max-width: 1024px) 100vw, 1024px\" \/><button\n\t\t\tclass=\"lightbox-trigger\"\n\t\t\ttype=\"button\"\n\t\t\taria-haspopup=\"dialog\"\n\t\t\taria-label=\"Ampliar\"\n\t\t\tdata-wp-init=\"callbacks.initTriggerButton\"\n\t\t\tdata-wp-on--click=\"actions.showLightbox\"\n\t\t\tdata-wp-style--right=\"state.imageButtonRight\"\n\t\t\tdata-wp-style--top=\"state.imageButtonTop\"\n\t\t>\n\t\t\t<svg xmlns=\"http:\/\/www.w3.org\/2000\/svg\" width=\"12\" height=\"12\" fill=\"none\" viewBox=\"0 0 12 12\">\n\t\t\t\t<path fill=\"#fff\" d=\"M2 0a2 2 0 0 0-2 2v2h1.5V2a.5.5 0 0 1 .5-.5h2V0H2Zm2 10.5H2a.5.5 0 0 1-.5-.5V8H0v2a2 2 0 0 0 2 2h2v-1.5ZM8 12v-1.5h2a.5.5 0 0 0 .5-.5V8H12v2a2 2 0 0 1-2 2H8Zm2-12a2 2 0 0 1 2 2v2h-1.5V2a.5.5 0 0 0-.5-.5H8V0h2Z\" \/>\n\t\t\t<\/svg>\n\t\t<\/button><figcaption class=\"wp-element-caption\">Gilmar Ostrovski, da coordena\u00e7\u00e3o do Circuito (Foto Marcelo Araujo)<\/figcaption><\/figure>\n\n\n\n<figure data-wp-context=\"{&quot;imageId&quot;:&quot;69ee0f45a2bd2&quot;}\" data-wp-interactive=\"core\/image\" data-wp-key=\"69ee0f45a2bd2\" class=\"wp-block-image size-large wp-lightbox-container\"><img decoding=\"async\" width=\"1024\" height=\"664\" data-wp-class--hide=\"state.isContentHidden\" data-wp-class--show=\"state.isContentVisible\" data-wp-init=\"callbacks.setButtonStyles\" data-wp-on--click=\"actions.showLightbox\" data-wp-on--load=\"callbacks.setButtonStyles\" data-wp-on-window--resize=\"callbacks.setButtonStyles\" data-id=\"5445\" src=\"https:\/\/www.cetap.org.br\/site\/wp-content\/uploads\/2025\/04\/2025-04-25-Encontro-Circuito-05_Foto_JessicaFranca-1024x664.jpg\" alt=\"\" class=\"wp-image-5445\" srcset=\"https:\/\/www.cetap.org.br\/site\/wp-content\/uploads\/2025\/04\/2025-04-25-Encontro-Circuito-05_Foto_JessicaFranca-1024x664.jpg 1024w, https:\/\/www.cetap.org.br\/site\/wp-content\/uploads\/2025\/04\/2025-04-25-Encontro-Circuito-05_Foto_JessicaFranca-300x194.jpg 300w, https:\/\/www.cetap.org.br\/site\/wp-content\/uploads\/2025\/04\/2025-04-25-Encontro-Circuito-05_Foto_JessicaFranca-768x498.jpg 768w, https:\/\/www.cetap.org.br\/site\/wp-content\/uploads\/2025\/04\/2025-04-25-Encontro-Circuito-05_Foto_JessicaFranca.jpg 1080w\" sizes=\"(max-width: 1024px) 100vw, 1024px\" \/><button\n\t\t\tclass=\"lightbox-trigger\"\n\t\t\ttype=\"button\"\n\t\t\taria-haspopup=\"dialog\"\n\t\t\taria-label=\"Ampliar\"\n\t\t\tdata-wp-init=\"callbacks.initTriggerButton\"\n\t\t\tdata-wp-on--click=\"actions.showLightbox\"\n\t\t\tdata-wp-style--right=\"state.imageButtonRight\"\n\t\t\tdata-wp-style--top=\"state.imageButtonTop\"\n\t\t>\n\t\t\t<svg xmlns=\"http:\/\/www.w3.org\/2000\/svg\" width=\"12\" height=\"12\" fill=\"none\" viewBox=\"0 0 12 12\">\n\t\t\t\t<path fill=\"#fff\" d=\"M2 0a2 2 0 0 0-2 2v2h1.5V2a.5.5 0 0 1 .5-.5h2V0H2Zm2 10.5H2a.5.5 0 0 1-.5-.5V8H0v2a2 2 0 0 0 2 2h2v-1.5ZM8 12v-1.5h2a.5.5 0 0 0 .5-.5V8H12v2a2 2 0 0 1-2 2H8Zm2-12a2 2 0 0 1 2 2v2h-1.5V2a.5.5 0 0 0-.5-.5H8V0h2Z\" \/>\n\t\t\t<\/svg>\n\t\t<\/button><figcaption class=\"wp-element-caption\">Gisemara, Antenor, Mateus e Carla (Foto: J\u00e9ssica Fran\u00e7a)<\/figcaption><\/figure>\n<\/figure>\n\n\n\n<h4 class=\"wp-block-heading\">O projeto<\/h4>\n\n\n\n<p>Os&nbsp;R$ 3,8 milh\u00f5es&nbsp;em recursos da FBB foram destinados \u00e0 aquisi\u00e7\u00e3o de uma&nbsp;colheitadeira de gr\u00e3os, uma&nbsp;selecionadora de gr\u00e3os a laser,&nbsp;embaladoras de bandejas a v\u00e1cuo,&nbsp;c\u00e2maras frias,&nbsp;tratores,&nbsp;plantadeira, um&nbsp;polidor de gr\u00e3os&nbsp;e&nbsp;ve\u00edculos para log\u00edstica, que ir\u00e3o modernizar todas as etapas da produ\u00e7\u00e3o e transporte.<\/p>\n\n\n\n<p>Cl\u00e1udio Brennand, representante da FBB, explicou que o investimento abrange toda a cadeia produtiva:&nbsp;<em>\u201c<\/em>O Circuito Agroecol\u00f3gico envolve 15 munic\u00edpios, incluindo Curitiba e S\u00e3o Paulo, com planejamento de produ\u00e7\u00e3o, log\u00edstica integrada e comercializa\u00e7\u00e3o direta<em>\u201d<\/em>. Ele citou parcerias como o&nbsp;PNAE, o&nbsp;PAA&nbsp;e o&nbsp;Instituto Ch\u00e3o (SP), refor\u00e7ando o papel da agroecologia no combate \u00e0 fome com alimentos saud\u00e1veis e tamb\u00e9m o acesso da popula\u00e7\u00e3o dos grandes centros urbanos a estes alimentos.<\/p>\n\n\n\n<figure class=\"wp-block-gallery has-nested-images columns-default is-cropped wp-block-gallery-2 is-layout-flex wp-block-gallery-is-layout-flex\">\n<figure data-wp-context=\"{&quot;imageId&quot;:&quot;69ee0f45a4ba6&quot;}\" data-wp-interactive=\"core\/image\" data-wp-key=\"69ee0f45a4ba6\" class=\"wp-block-image size-large wp-lightbox-container\"><img loading=\"lazy\" decoding=\"async\" width=\"1024\" height=\"664\" data-wp-class--hide=\"state.isContentHidden\" data-wp-class--show=\"state.isContentVisible\" data-wp-init=\"callbacks.setButtonStyles\" data-wp-on--click=\"actions.showLightbox\" data-wp-on--load=\"callbacks.setButtonStyles\" data-wp-on-window--resize=\"callbacks.setButtonStyles\" data-id=\"5446\" src=\"https:\/\/www.cetap.org.br\/site\/wp-content\/uploads\/2025\/04\/2025-04-25-Encontro-Circuito-06_Foto_MarceloAraujo-1024x664.jpg\" alt=\"\" class=\"wp-image-5446\" srcset=\"https:\/\/www.cetap.org.br\/site\/wp-content\/uploads\/2025\/04\/2025-04-25-Encontro-Circuito-06_Foto_MarceloAraujo-1024x664.jpg 1024w, https:\/\/www.cetap.org.br\/site\/wp-content\/uploads\/2025\/04\/2025-04-25-Encontro-Circuito-06_Foto_MarceloAraujo-300x194.jpg 300w, https:\/\/www.cetap.org.br\/site\/wp-content\/uploads\/2025\/04\/2025-04-25-Encontro-Circuito-06_Foto_MarceloAraujo-768x498.jpg 768w, https:\/\/www.cetap.org.br\/site\/wp-content\/uploads\/2025\/04\/2025-04-25-Encontro-Circuito-06_Foto_MarceloAraujo.jpg 1080w\" sizes=\"(max-width: 1024px) 100vw, 1024px\" \/><button\n\t\t\tclass=\"lightbox-trigger\"\n\t\t\ttype=\"button\"\n\t\t\taria-haspopup=\"dialog\"\n\t\t\taria-label=\"Ampliar\"\n\t\t\tdata-wp-init=\"callbacks.initTriggerButton\"\n\t\t\tdata-wp-on--click=\"actions.showLightbox\"\n\t\t\tdata-wp-style--right=\"state.imageButtonRight\"\n\t\t\tdata-wp-style--top=\"state.imageButtonTop\"\n\t\t>\n\t\t\t<svg xmlns=\"http:\/\/www.w3.org\/2000\/svg\" width=\"12\" height=\"12\" fill=\"none\" viewBox=\"0 0 12 12\">\n\t\t\t\t<path fill=\"#fff\" d=\"M2 0a2 2 0 0 0-2 2v2h1.5V2a.5.5 0 0 1 .5-.5h2V0H2Zm2 10.5H2a.5.5 0 0 1-.5-.5V8H0v2a2 2 0 0 0 2 2h2v-1.5ZM8 12v-1.5h2a.5.5 0 0 0 .5-.5V8H12v2a2 2 0 0 1-2 2H8Zm2-12a2 2 0 0 1 2 2v2h-1.5V2a.5.5 0 0 0-.5-.5H8V0h2Z\" \/>\n\t\t\t<\/svg>\n\t\t<\/button><figcaption class=\"wp-element-caption\">Cl\u00e1udio Brennand, da FBB<br>(Foto: Marcelo Araujo)<\/figcaption><\/figure>\n\n\n\n<figure data-wp-context=\"{&quot;imageId&quot;:&quot;69ee0f45a5cec&quot;}\" data-wp-interactive=\"core\/image\" data-wp-key=\"69ee0f45a5cec\" class=\"wp-block-image size-large wp-lightbox-container\"><img loading=\"lazy\" decoding=\"async\" width=\"1024\" height=\"664\" data-wp-class--hide=\"state.isContentHidden\" data-wp-class--show=\"state.isContentVisible\" data-wp-init=\"callbacks.setButtonStyles\" data-wp-on--click=\"actions.showLightbox\" data-wp-on--load=\"callbacks.setButtonStyles\" data-wp-on-window--resize=\"callbacks.setButtonStyles\" data-id=\"5450\" src=\"https:\/\/www.cetap.org.br\/site\/wp-content\/uploads\/2025\/04\/2025-04-25-Encontro-Circuito-11_Foto_MarceloAraujo-1024x664.jpg\" alt=\"\" class=\"wp-image-5450\" srcset=\"https:\/\/www.cetap.org.br\/site\/wp-content\/uploads\/2025\/04\/2025-04-25-Encontro-Circuito-11_Foto_MarceloAraujo-1024x664.jpg 1024w, https:\/\/www.cetap.org.br\/site\/wp-content\/uploads\/2025\/04\/2025-04-25-Encontro-Circuito-11_Foto_MarceloAraujo-300x194.jpg 300w, https:\/\/www.cetap.org.br\/site\/wp-content\/uploads\/2025\/04\/2025-04-25-Encontro-Circuito-11_Foto_MarceloAraujo-768x498.jpg 768w, https:\/\/www.cetap.org.br\/site\/wp-content\/uploads\/2025\/04\/2025-04-25-Encontro-Circuito-11_Foto_MarceloAraujo.jpg 1080w\" sizes=\"(max-width: 1024px) 100vw, 1024px\" \/><button\n\t\t\tclass=\"lightbox-trigger\"\n\t\t\ttype=\"button\"\n\t\t\taria-haspopup=\"dialog\"\n\t\t\taria-label=\"Ampliar\"\n\t\t\tdata-wp-init=\"callbacks.initTriggerButton\"\n\t\t\tdata-wp-on--click=\"actions.showLightbox\"\n\t\t\tdata-wp-style--right=\"state.imageButtonRight\"\n\t\t\tdata-wp-style--top=\"state.imageButtonTop\"\n\t\t>\n\t\t\t<svg xmlns=\"http:\/\/www.w3.org\/2000\/svg\" width=\"12\" height=\"12\" fill=\"none\" viewBox=\"0 0 12 12\">\n\t\t\t\t<path fill=\"#fff\" d=\"M2 0a2 2 0 0 0-2 2v2h1.5V2a.5.5 0 0 1 .5-.5h2V0H2Zm2 10.5H2a.5.5 0 0 1-.5-.5V8H0v2a2 2 0 0 0 2 2h2v-1.5ZM8 12v-1.5h2a.5.5 0 0 0 .5-.5V8H12v2a2 2 0 0 1-2 2H8Zm2-12a2 2 0 0 1 2 2v2h-1.5V2a.5.5 0 0 0-.5-.5H8V0h2Z\" \/>\n\t\t\t<\/svg>\n\t\t<\/button><figcaption class=\"wp-element-caption\">Ve\u00edculos e m\u00e1quinas adquiridas<br> (Foto: Marcelo Araujo)<\/figcaption><\/figure>\n\n\n\n<figure data-wp-context=\"{&quot;imageId&quot;:&quot;69ee0f45a69c9&quot;}\" data-wp-interactive=\"core\/image\" data-wp-key=\"69ee0f45a69c9\" class=\"wp-block-image size-large wp-lightbox-container\"><img loading=\"lazy\" decoding=\"async\" width=\"1024\" height=\"664\" data-wp-class--hide=\"state.isContentHidden\" data-wp-class--show=\"state.isContentVisible\" data-wp-init=\"callbacks.setButtonStyles\" data-wp-on--click=\"actions.showLightbox\" data-wp-on--load=\"callbacks.setButtonStyles\" data-wp-on-window--resize=\"callbacks.setButtonStyles\" data-id=\"5443\" src=\"https:\/\/www.cetap.org.br\/site\/wp-content\/uploads\/2025\/04\/2025-04-25-Encontro-Circuito-03_Foto_JessicaFranca-1024x664.jpg\" alt=\"\" class=\"wp-image-5443\" srcset=\"https:\/\/www.cetap.org.br\/site\/wp-content\/uploads\/2025\/04\/2025-04-25-Encontro-Circuito-03_Foto_JessicaFranca-1024x664.jpg 1024w, https:\/\/www.cetap.org.br\/site\/wp-content\/uploads\/2025\/04\/2025-04-25-Encontro-Circuito-03_Foto_JessicaFranca-300x194.jpg 300w, https:\/\/www.cetap.org.br\/site\/wp-content\/uploads\/2025\/04\/2025-04-25-Encontro-Circuito-03_Foto_JessicaFranca-768x498.jpg 768w, https:\/\/www.cetap.org.br\/site\/wp-content\/uploads\/2025\/04\/2025-04-25-Encontro-Circuito-03_Foto_JessicaFranca.jpg 1080w\" sizes=\"(max-width: 1024px) 100vw, 1024px\" \/><button\n\t\t\tclass=\"lightbox-trigger\"\n\t\t\ttype=\"button\"\n\t\t\taria-haspopup=\"dialog\"\n\t\t\taria-label=\"Ampliar\"\n\t\t\tdata-wp-init=\"callbacks.initTriggerButton\"\n\t\t\tdata-wp-on--click=\"actions.showLightbox\"\n\t\t\tdata-wp-style--right=\"state.imageButtonRight\"\n\t\t\tdata-wp-style--top=\"state.imageButtonTop\"\n\t\t>\n\t\t\t<svg xmlns=\"http:\/\/www.w3.org\/2000\/svg\" width=\"12\" height=\"12\" fill=\"none\" viewBox=\"0 0 12 12\">\n\t\t\t\t<path fill=\"#fff\" d=\"M2 0a2 2 0 0 0-2 2v2h1.5V2a.5.5 0 0 1 .5-.5h2V0H2Zm2 10.5H2a.5.5 0 0 1-.5-.5V8H0v2a2 2 0 0 0 2 2h2v-1.5ZM8 12v-1.5h2a.5.5 0 0 0 .5-.5V8H12v2a2 2 0 0 1-2 2H8Zm2-12a2 2 0 0 1 2 2v2h-1.5V2a.5.5 0 0 0-.5-.5H8V0h2Z\" \/>\n\t\t\t<\/svg>\n\t\t<\/button><figcaption class=\"wp-element-caption\">Marcelo Carraro, da coordena\u00e7\u00e3o do Circuito (Foto: J\u00e9ssica Fran\u00e7a)<\/figcaption><\/figure>\n<\/figure>\n\n\n\n<h4 class=\"wp-block-heading\">Apoio institucional<\/h4>\n\n\n\n<p>O presidente da Assembleia Legislativa do RS,&nbsp;Pepe Vargas, convidou os agricultores para participarem do&nbsp;F\u00f3rum Democr\u00e1tico de Desenvolvimento Regional \u2014 Pacto RS 2025:&nbsp;\u201cProduzir com respeito \u00e0 natureza \u00e9 um papel social e ambiental crucial. Fortalecer circuitos, como este, significa mais sa\u00fade e preserva\u00e7\u00e3o\u201d.<\/p>\n\n\n\n<p>O deputado federal&nbsp;Elvino Bohn Gass&nbsp;elogiou a coragem dos agricultores:&nbsp;\u201cEm breve, teremos um centro de distribui\u00e7\u00e3o em S\u00e3o Paulo para trocar alimentos org\u00e2nicos de todo o pa\u00eds &#8211; como castanhas do Norte por frutas de Tr\u00eas Arroios\u201d. J\u00e1 a prefeita de&nbsp;S\u00e3o Jos\u00e9 do Cerrito (SC),&nbsp;Tainara Raitz, destacou a import\u00e2ncia de pol\u00edticas p\u00fablicas:&nbsp;\u201cSustentabilidade \u00e9 qualidade de vida. Precisamos valorizar quem produz sem agrot\u00f3xicos\u201d.<\/p>\n\n\n\n<p>Edson Jos\u00e9 Klein, coordenador executivo do&nbsp;Centro de Tecnologias Alternativas Populares (CETAP), e que tamb\u00e9m faz a coordena\u00e7\u00e3o geral do projeto em parceria com a FBB, encerrou o evento agradecendo \u00e0s fam\u00edlias e parceiros que fortalecem a agroecologia, destacando as conquistas a partir das a\u00e7\u00f5es deste projeto e, tamb\u00e9m, novos desafios que se apresentam para continuarmos avan\u00e7ando na produ\u00e7\u00e3o e oferta de alimentos saud\u00e1veis.<\/p>\n\n\n\n<figure class=\"wp-block-gallery has-nested-images columns-default is-cropped wp-block-gallery-3 is-layout-flex wp-block-gallery-is-layout-flex\">\n<figure data-wp-context=\"{&quot;imageId&quot;:&quot;69ee0f45a7a73&quot;}\" data-wp-interactive=\"core\/image\" data-wp-key=\"69ee0f45a7a73\" class=\"wp-block-image size-large wp-lightbox-container\"><img loading=\"lazy\" decoding=\"async\" width=\"1024\" height=\"664\" data-wp-class--hide=\"state.isContentHidden\" data-wp-class--show=\"state.isContentVisible\" data-wp-init=\"callbacks.setButtonStyles\" data-wp-on--click=\"actions.showLightbox\" data-wp-on--load=\"callbacks.setButtonStyles\" data-wp-on-window--resize=\"callbacks.setButtonStyles\" data-id=\"5449\" src=\"https:\/\/www.cetap.org.br\/site\/wp-content\/uploads\/2025\/04\/2025-04-25-Encontro-Circuito-10_Foto_LauroAlves-ALRS-1024x664.jpg\" alt=\"\" class=\"wp-image-5449\" srcset=\"https:\/\/www.cetap.org.br\/site\/wp-content\/uploads\/2025\/04\/2025-04-25-Encontro-Circuito-10_Foto_LauroAlves-ALRS-1024x664.jpg 1024w, https:\/\/www.cetap.org.br\/site\/wp-content\/uploads\/2025\/04\/2025-04-25-Encontro-Circuito-10_Foto_LauroAlves-ALRS-300x194.jpg 300w, https:\/\/www.cetap.org.br\/site\/wp-content\/uploads\/2025\/04\/2025-04-25-Encontro-Circuito-10_Foto_LauroAlves-ALRS-768x498.jpg 768w, https:\/\/www.cetap.org.br\/site\/wp-content\/uploads\/2025\/04\/2025-04-25-Encontro-Circuito-10_Foto_LauroAlves-ALRS.jpg 1080w\" sizes=\"(max-width: 1024px) 100vw, 1024px\" \/><button\n\t\t\tclass=\"lightbox-trigger\"\n\t\t\ttype=\"button\"\n\t\t\taria-haspopup=\"dialog\"\n\t\t\taria-label=\"Ampliar\"\n\t\t\tdata-wp-init=\"callbacks.initTriggerButton\"\n\t\t\tdata-wp-on--click=\"actions.showLightbox\"\n\t\t\tdata-wp-style--right=\"state.imageButtonRight\"\n\t\t\tdata-wp-style--top=\"state.imageButtonTop\"\n\t\t>\n\t\t\t<svg xmlns=\"http:\/\/www.w3.org\/2000\/svg\" width=\"12\" height=\"12\" fill=\"none\" viewBox=\"0 0 12 12\">\n\t\t\t\t<path fill=\"#fff\" d=\"M2 0a2 2 0 0 0-2 2v2h1.5V2a.5.5 0 0 1 .5-.5h2V0H2Zm2 10.5H2a.5.5 0 0 1-.5-.5V8H0v2a2 2 0 0 0 2 2h2v-1.5ZM8 12v-1.5h2a.5.5 0 0 0 .5-.5V8H12v2a2 2 0 0 1-2 2H8Zm2-12a2 2 0 0 1 2 2v2h-1.5V2a.5.5 0 0 0-.5-.5H8V0h2Z\" \/>\n\t\t\t<\/svg>\n\t\t<\/button><figcaption class=\"wp-element-caption\">Deputado federal&nbsp;Elvino Bohn Gass (Foto: Lauro Alves\/ALRS): <\/figcaption><\/figure>\n\n\n\n<figure data-wp-context=\"{&quot;imageId&quot;:&quot;69ee0f45a8683&quot;}\" data-wp-interactive=\"core\/image\" data-wp-key=\"69ee0f45a8683\" class=\"wp-block-image size-large wp-lightbox-container\"><img loading=\"lazy\" decoding=\"async\" width=\"1024\" height=\"664\" data-wp-class--hide=\"state.isContentHidden\" data-wp-class--show=\"state.isContentVisible\" data-wp-init=\"callbacks.setButtonStyles\" data-wp-on--click=\"actions.showLightbox\" data-wp-on--load=\"callbacks.setButtonStyles\" data-wp-on-window--resize=\"callbacks.setButtonStyles\" data-id=\"5448\" src=\"https:\/\/www.cetap.org.br\/site\/wp-content\/uploads\/2025\/04\/2025-04-25-Encontro-Circuito-09_Foto_LauroAlves-ALRS-1024x664.jpg\" alt=\"\" class=\"wp-image-5448\" srcset=\"https:\/\/www.cetap.org.br\/site\/wp-content\/uploads\/2025\/04\/2025-04-25-Encontro-Circuito-09_Foto_LauroAlves-ALRS-1024x664.jpg 1024w, https:\/\/www.cetap.org.br\/site\/wp-content\/uploads\/2025\/04\/2025-04-25-Encontro-Circuito-09_Foto_LauroAlves-ALRS-300x194.jpg 300w, https:\/\/www.cetap.org.br\/site\/wp-content\/uploads\/2025\/04\/2025-04-25-Encontro-Circuito-09_Foto_LauroAlves-ALRS-768x498.jpg 768w, https:\/\/www.cetap.org.br\/site\/wp-content\/uploads\/2025\/04\/2025-04-25-Encontro-Circuito-09_Foto_LauroAlves-ALRS.jpg 1080w\" sizes=\"(max-width: 1024px) 100vw, 1024px\" \/><button\n\t\t\tclass=\"lightbox-trigger\"\n\t\t\ttype=\"button\"\n\t\t\taria-haspopup=\"dialog\"\n\t\t\taria-label=\"Ampliar\"\n\t\t\tdata-wp-init=\"callbacks.initTriggerButton\"\n\t\t\tdata-wp-on--click=\"actions.showLightbox\"\n\t\t\tdata-wp-style--right=\"state.imageButtonRight\"\n\t\t\tdata-wp-style--top=\"state.imageButtonTop\"\n\t\t>\n\t\t\t<svg xmlns=\"http:\/\/www.w3.org\/2000\/svg\" width=\"12\" height=\"12\" fill=\"none\" viewBox=\"0 0 12 12\">\n\t\t\t\t<path fill=\"#fff\" d=\"M2 0a2 2 0 0 0-2 2v2h1.5V2a.5.5 0 0 1 .5-.5h2V0H2Zm2 10.5H2a.5.5 0 0 1-.5-.5V8H0v2a2 2 0 0 0 2 2h2v-1.5ZM8 12v-1.5h2a.5.5 0 0 0 .5-.5V8H12v2a2 2 0 0 1-2 2H8Zm2-12a2 2 0 0 1 2 2v2h-1.5V2a.5.5 0 0 0-.5-.5H8V0h2Z\" \/>\n\t\t\t<\/svg>\n\t\t<\/button><figcaption class=\"wp-element-caption\">Presidente da Assembleia RS, Pepe Vargas (Foto: Lauro Alves\/ALRS)<\/figcaption><\/figure>\n\n\n\n<figure data-wp-context=\"{&quot;imageId&quot;:&quot;69ee0f45b1694&quot;}\" data-wp-interactive=\"core\/image\" data-wp-key=\"69ee0f45b1694\" class=\"wp-block-image size-large wp-lightbox-container\"><img loading=\"lazy\" decoding=\"async\" width=\"1024\" height=\"664\" data-wp-class--hide=\"state.isContentHidden\" data-wp-class--show=\"state.isContentVisible\" data-wp-init=\"callbacks.setButtonStyles\" data-wp-on--click=\"actions.showLightbox\" data-wp-on--load=\"callbacks.setButtonStyles\" data-wp-on-window--resize=\"callbacks.setButtonStyles\" data-id=\"5444\" src=\"https:\/\/www.cetap.org.br\/site\/wp-content\/uploads\/2025\/04\/2025-04-25-Encontro-Circuito-04_Foto_JessicaFranca-1024x664.jpg\" alt=\"\" class=\"wp-image-5444\" srcset=\"https:\/\/www.cetap.org.br\/site\/wp-content\/uploads\/2025\/04\/2025-04-25-Encontro-Circuito-04_Foto_JessicaFranca-1024x664.jpg 1024w, https:\/\/www.cetap.org.br\/site\/wp-content\/uploads\/2025\/04\/2025-04-25-Encontro-Circuito-04_Foto_JessicaFranca-300x194.jpg 300w, https:\/\/www.cetap.org.br\/site\/wp-content\/uploads\/2025\/04\/2025-04-25-Encontro-Circuito-04_Foto_JessicaFranca-768x498.jpg 768w, https:\/\/www.cetap.org.br\/site\/wp-content\/uploads\/2025\/04\/2025-04-25-Encontro-Circuito-04_Foto_JessicaFranca.jpg 1080w\" sizes=\"(max-width: 1024px) 100vw, 1024px\" \/><button\n\t\t\tclass=\"lightbox-trigger\"\n\t\t\ttype=\"button\"\n\t\t\taria-haspopup=\"dialog\"\n\t\t\taria-label=\"Ampliar\"\n\t\t\tdata-wp-init=\"callbacks.initTriggerButton\"\n\t\t\tdata-wp-on--click=\"actions.showLightbox\"\n\t\t\tdata-wp-style--right=\"state.imageButtonRight\"\n\t\t\tdata-wp-style--top=\"state.imageButtonTop\"\n\t\t>\n\t\t\t<svg xmlns=\"http:\/\/www.w3.org\/2000\/svg\" width=\"12\" height=\"12\" fill=\"none\" viewBox=\"0 0 12 12\">\n\t\t\t\t<path fill=\"#fff\" d=\"M2 0a2 2 0 0 0-2 2v2h1.5V2a.5.5 0 0 1 .5-.5h2V0H2Zm2 10.5H2a.5.5 0 0 1-.5-.5V8H0v2a2 2 0 0 0 2 2h2v-1.5ZM8 12v-1.5h2a.5.5 0 0 0 .5-.5V8H12v2a2 2 0 0 1-2 2H8Zm2-12a2 2 0 0 1 2 2v2h-1.5V2a.5.5 0 0 0-.5-.5H8V0h2Z\" \/>\n\t\t\t<\/svg>\n\t\t<\/button><figcaption class=\"wp-element-caption\">Prefeita de S. Jos\u00e9 do Cerrito, Tainara Raitz (Foto: J\u00e9ssica Fran\u00e7a)<\/figcaption><\/figure>\n<\/figure>\n\n\n\n<h4 class=\"wp-block-heading\">Sobre o Circuito Agroecol\u00f3gico<\/h4>\n\n\n\n<p>A rede conecta&nbsp;fam\u00edlias dos estados do Rio Grande do Sul, Santa Catarina, Paran\u00e1 e S\u00e3o Paulo. O Circuito est\u00e1 organizado em dez esta\u00e7\u00f5es, sendo sete de produ\u00e7\u00e3o e comercializa\u00e7\u00e3o: Esta\u00e7\u00e3o Tr\u00eas Arroios, na regi\u00e3o Alto Uruguai (RS), Esta\u00e7\u00e3o Vacaria, nos Campos de Cima da Serra (RS), Esta\u00e7\u00e3o Caxias, Esta\u00e7\u00e3o Ip\u00ea e Esta\u00e7\u00e3o S\u00e3o Marcos, na Serra Ga\u00facha, Esta\u00e7\u00e3o Monte Negro, na regi\u00e3o Metropolitana de Porto Alegre e Esta\u00e7\u00e3o do Cerrito, na regi\u00e3o Serrana Catarinense. Al\u00e9m de tr\u00eas esta\u00e7\u00f5es exclusivamente de comercializa\u00e7\u00e3o: Esta\u00e7\u00e3o Curitiba (PR), Esta\u00e7\u00e3o S\u00e3o Paulo e Instituto Ch\u00e3o, na capital paulista. Semanalmente s\u00e3o comercializadas 130 toneladas de alimentos org\u00e2nicos.<\/p>\n\n\n\n<h4 class=\"wp-block-heading\">Autoridades representadas<\/h4>\n\n\n\n<p>El\u00f3i Poltronieri esteve representando o deputado federal Alexandre Lindenmeyer, Graciela Gritti esteve em nome da deputada federal Denise Pessoa, Adriana Katia Tozzo representou o deputado estadual Ad\u00e3o Pretto Filho. Tamb\u00e9m participaram do evento o prefeito de Mariano Moro, Valdecir Mariano Pinto e lideran\u00e7as de cooperativas e entidades como&nbsp;Emater,&nbsp;SUTRAF-AU&nbsp;e&nbsp;Capa Erexim.<\/p>\n\n\n\n<figure class=\"wp-block-gallery has-nested-images columns-default is-cropped wp-block-gallery-4 is-layout-flex wp-block-gallery-is-layout-flex\">\n<figure data-wp-context=\"{&quot;imageId&quot;:&quot;69ee0f45b25fc&quot;}\" data-wp-interactive=\"core\/image\" data-wp-key=\"69ee0f45b25fc\" class=\"wp-block-image size-large wp-lightbox-container\"><img loading=\"lazy\" decoding=\"async\" width=\"1024\" height=\"664\" data-wp-class--hide=\"state.isContentHidden\" data-wp-class--show=\"state.isContentVisible\" data-wp-init=\"callbacks.setButtonStyles\" data-wp-on--click=\"actions.showLightbox\" data-wp-on--load=\"callbacks.setButtonStyles\" data-wp-on-window--resize=\"callbacks.setButtonStyles\" data-id=\"5453\" src=\"https:\/\/www.cetap.org.br\/site\/wp-content\/uploads\/2025\/04\/2025-04-25-Encontro-Circuito-14_Foto_JessicaFranca-1024x664.jpg\" alt=\"\" class=\"wp-image-5453\" srcset=\"https:\/\/www.cetap.org.br\/site\/wp-content\/uploads\/2025\/04\/2025-04-25-Encontro-Circuito-14_Foto_JessicaFranca-1024x664.jpg 1024w, https:\/\/www.cetap.org.br\/site\/wp-content\/uploads\/2025\/04\/2025-04-25-Encontro-Circuito-14_Foto_JessicaFranca-300x194.jpg 300w, https:\/\/www.cetap.org.br\/site\/wp-content\/uploads\/2025\/04\/2025-04-25-Encontro-Circuito-14_Foto_JessicaFranca-768x498.jpg 768w, https:\/\/www.cetap.org.br\/site\/wp-content\/uploads\/2025\/04\/2025-04-25-Encontro-Circuito-14_Foto_JessicaFranca.jpg 1080w\" sizes=\"(max-width: 1024px) 100vw, 1024px\" \/><button\n\t\t\tclass=\"lightbox-trigger\"\n\t\t\ttype=\"button\"\n\t\t\taria-haspopup=\"dialog\"\n\t\t\taria-label=\"Ampliar\"\n\t\t\tdata-wp-init=\"callbacks.initTriggerButton\"\n\t\t\tdata-wp-on--click=\"actions.showLightbox\"\n\t\t\tdata-wp-style--right=\"state.imageButtonRight\"\n\t\t\tdata-wp-style--top=\"state.imageButtonTop\"\n\t\t>\n\t\t\t<svg xmlns=\"http:\/\/www.w3.org\/2000\/svg\" width=\"12\" height=\"12\" fill=\"none\" viewBox=\"0 0 12 12\">\n\t\t\t\t<path fill=\"#fff\" d=\"M2 0a2 2 0 0 0-2 2v2h1.5V2a.5.5 0 0 1 .5-.5h2V0H2Zm2 10.5H2a.5.5 0 0 1-.5-.5V8H0v2a2 2 0 0 0 2 2h2v-1.5ZM8 12v-1.5h2a.5.5 0 0 0 .5-.5V8H12v2a2 2 0 0 1-2 2H8Zm2-12a2 2 0 0 1 2 2v2h-1.5V2a.5.5 0 0 0-.5-.5H8V0h2Z\" \/>\n\t\t\t<\/svg>\n\t\t<\/button><figcaption class=\"wp-element-caption\">Autoridades que compuseram a mesa (Foto: J\u00e9ssica Fran\u00e7a)<\/figcaption><\/figure>\n\n\n\n<figure data-wp-context=\"{&quot;imageId&quot;:&quot;69ee0f45b300a&quot;}\" data-wp-interactive=\"core\/image\" data-wp-key=\"69ee0f45b300a\" class=\"wp-block-image size-large wp-lightbox-container\"><img loading=\"lazy\" decoding=\"async\" width=\"1024\" height=\"664\" data-wp-class--hide=\"state.isContentHidden\" data-wp-class--show=\"state.isContentVisible\" data-wp-init=\"callbacks.setButtonStyles\" data-wp-on--click=\"actions.showLightbox\" data-wp-on--load=\"callbacks.setButtonStyles\" data-wp-on-window--resize=\"callbacks.setButtonStyles\" data-id=\"5451\" src=\"https:\/\/www.cetap.org.br\/site\/wp-content\/uploads\/2025\/04\/2025-04-25-Encontro-Circuito-12_Foto_JessicaFranca-1024x664.jpg\" alt=\"\" class=\"wp-image-5451\" srcset=\"https:\/\/www.cetap.org.br\/site\/wp-content\/uploads\/2025\/04\/2025-04-25-Encontro-Circuito-12_Foto_JessicaFranca-1024x664.jpg 1024w, https:\/\/www.cetap.org.br\/site\/wp-content\/uploads\/2025\/04\/2025-04-25-Encontro-Circuito-12_Foto_JessicaFranca-300x194.jpg 300w, https:\/\/www.cetap.org.br\/site\/wp-content\/uploads\/2025\/04\/2025-04-25-Encontro-Circuito-12_Foto_JessicaFranca-768x498.jpg 768w, https:\/\/www.cetap.org.br\/site\/wp-content\/uploads\/2025\/04\/2025-04-25-Encontro-Circuito-12_Foto_JessicaFranca.jpg 1080w\" sizes=\"(max-width: 1024px) 100vw, 1024px\" \/><button\n\t\t\tclass=\"lightbox-trigger\"\n\t\t\ttype=\"button\"\n\t\t\taria-haspopup=\"dialog\"\n\t\t\taria-label=\"Ampliar\"\n\t\t\tdata-wp-init=\"callbacks.initTriggerButton\"\n\t\t\tdata-wp-on--click=\"actions.showLightbox\"\n\t\t\tdata-wp-style--right=\"state.imageButtonRight\"\n\t\t\tdata-wp-style--top=\"state.imageButtonTop\"\n\t\t>\n\t\t\t<svg xmlns=\"http:\/\/www.w3.org\/2000\/svg\" width=\"12\" height=\"12\" fill=\"none\" viewBox=\"0 0 12 12\">\n\t\t\t\t<path fill=\"#fff\" d=\"M2 0a2 2 0 0 0-2 2v2h1.5V2a.5.5 0 0 1 .5-.5h2V0H2Zm2 10.5H2a.5.5 0 0 1-.5-.5V8H0v2a2 2 0 0 0 2 2h2v-1.5ZM8 12v-1.5h2a.5.5 0 0 0 .5-.5V8H12v2a2 2 0 0 1-2 2H8Zm2-12a2 2 0 0 1 2 2v2h-1.5V2a.5.5 0 0 0-.5-.5H8V0h2Z\" \/>\n\t\t\t<\/svg>\n\t\t<\/button><figcaption class=\"wp-element-caption\">Representantes das Esta\u00e7\u00f5es do Circuito (Foto: J\u00e9ssica Fran\u00e7a)<\/figcaption><\/figure>\n\n\n\n<figure data-wp-context=\"{&quot;imageId&quot;:&quot;69ee0f45b6d99&quot;}\" data-wp-interactive=\"core\/image\" data-wp-key=\"69ee0f45b6d99\" class=\"wp-block-image size-large wp-lightbox-container\"><img loading=\"lazy\" decoding=\"async\" width=\"1024\" height=\"664\" data-wp-class--hide=\"state.isContentHidden\" data-wp-class--show=\"state.isContentVisible\" data-wp-init=\"callbacks.setButtonStyles\" data-wp-on--click=\"actions.showLightbox\" data-wp-on--load=\"callbacks.setButtonStyles\" data-wp-on-window--resize=\"callbacks.setButtonStyles\" data-id=\"5447\" src=\"https:\/\/www.cetap.org.br\/site\/wp-content\/uploads\/2025\/04\/2025-04-25-Encontro-Circuito-07_Foto_MarceloAraujo-1024x664.jpg\" alt=\"\" class=\"wp-image-5447\" srcset=\"https:\/\/www.cetap.org.br\/site\/wp-content\/uploads\/2025\/04\/2025-04-25-Encontro-Circuito-07_Foto_MarceloAraujo-1024x664.jpg 1024w, https:\/\/www.cetap.org.br\/site\/wp-content\/uploads\/2025\/04\/2025-04-25-Encontro-Circuito-07_Foto_MarceloAraujo-300x194.jpg 300w, https:\/\/www.cetap.org.br\/site\/wp-content\/uploads\/2025\/04\/2025-04-25-Encontro-Circuito-07_Foto_MarceloAraujo-768x498.jpg 768w, https:\/\/www.cetap.org.br\/site\/wp-content\/uploads\/2025\/04\/2025-04-25-Encontro-Circuito-07_Foto_MarceloAraujo.jpg 1080w\" sizes=\"(max-width: 1024px) 100vw, 1024px\" \/><button\n\t\t\tclass=\"lightbox-trigger\"\n\t\t\ttype=\"button\"\n\t\t\taria-haspopup=\"dialog\"\n\t\t\taria-label=\"Ampliar\"\n\t\t\tdata-wp-init=\"callbacks.initTriggerButton\"\n\t\t\tdata-wp-on--click=\"actions.showLightbox\"\n\t\t\tdata-wp-style--right=\"state.imageButtonRight\"\n\t\t\tdata-wp-style--top=\"state.imageButtonTop\"\n\t\t>\n\t\t\t<svg xmlns=\"http:\/\/www.w3.org\/2000\/svg\" width=\"12\" height=\"12\" fill=\"none\" viewBox=\"0 0 12 12\">\n\t\t\t\t<path fill=\"#fff\" d=\"M2 0a2 2 0 0 0-2 2v2h1.5V2a.5.5 0 0 1 .5-.5h2V0H2Zm2 10.5H2a.5.5 0 0 1-.5-.5V8H0v2a2 2 0 0 0 2 2h2v-1.5ZM8 12v-1.5h2a.5.5 0 0 0 .5-.5V8H12v2a2 2 0 0 1-2 2H8Zm2-12a2 2 0 0 1 2 2v2h-1.5V2a.5.5 0 0 0-.5-.5H8V0h2Z\" \/>\n\t\t\t<\/svg>\n\t\t<\/button><figcaption class=\"wp-element-caption\">Cl\u00e1udio Brennand, da FBB<br>(Foto: Marcelo Araujo)<\/figcaption><\/figure>\n\n\n\n<figure data-wp-context=\"{&quot;imageId&quot;:&quot;69ee0f45b7c12&quot;}\" data-wp-interactive=\"core\/image\" data-wp-key=\"69ee0f45b7c12\" class=\"wp-block-image size-large wp-lightbox-container\"><img loading=\"lazy\" decoding=\"async\" width=\"1024\" height=\"664\" data-wp-class--hide=\"state.isContentHidden\" data-wp-class--show=\"state.isContentVisible\" data-wp-init=\"callbacks.setButtonStyles\" data-wp-on--click=\"actions.showLightbox\" data-wp-on--load=\"callbacks.setButtonStyles\" data-wp-on-window--resize=\"callbacks.setButtonStyles\" data-id=\"5454\" src=\"https:\/\/www.cetap.org.br\/site\/wp-content\/uploads\/2025\/04\/2025-04-25-Encontro-Circuito-15_Foto_JessicaFranca-1024x664.jpg\" alt=\"\" class=\"wp-image-5454\" srcset=\"https:\/\/www.cetap.org.br\/site\/wp-content\/uploads\/2025\/04\/2025-04-25-Encontro-Circuito-15_Foto_JessicaFranca-1024x664.jpg 1024w, https:\/\/www.cetap.org.br\/site\/wp-content\/uploads\/2025\/04\/2025-04-25-Encontro-Circuito-15_Foto_JessicaFranca-300x194.jpg 300w, https:\/\/www.cetap.org.br\/site\/wp-content\/uploads\/2025\/04\/2025-04-25-Encontro-Circuito-15_Foto_JessicaFranca-768x498.jpg 768w, https:\/\/www.cetap.org.br\/site\/wp-content\/uploads\/2025\/04\/2025-04-25-Encontro-Circuito-15_Foto_JessicaFranca.jpg 1080w\" sizes=\"(max-width: 1024px) 100vw, 1024px\" \/><button\n\t\t\tclass=\"lightbox-trigger\"\n\t\t\ttype=\"button\"\n\t\t\taria-haspopup=\"dialog\"\n\t\t\taria-label=\"Ampliar\"\n\t\t\tdata-wp-init=\"callbacks.initTriggerButton\"\n\t\t\tdata-wp-on--click=\"actions.showLightbox\"\n\t\t\tdata-wp-style--right=\"state.imageButtonRight\"\n\t\t\tdata-wp-style--top=\"state.imageButtonTop\"\n\t\t>\n\t\t\t<svg xmlns=\"http:\/\/www.w3.org\/2000\/svg\" width=\"12\" height=\"12\" fill=\"none\" viewBox=\"0 0 12 12\">\n\t\t\t\t<path fill=\"#fff\" d=\"M2 0a2 2 0 0 0-2 2v2h1.5V2a.5.5 0 0 1 .5-.5h2V0H2Zm2 10.5H2a.5.5 0 0 1-.5-.5V8H0v2a2 2 0 0 0 2 2h2v-1.5ZM8 12v-1.5h2a.5.5 0 0 0 .5-.5V8H12v2a2 2 0 0 1-2 2H8Zm2-12a2 2 0 0 1 2 2v2h-1.5V2a.5.5 0 0 0-.5-.5H8V0h2Z\" \/>\n\t\t\t<\/svg>\n\t\t<\/button><figcaption class=\"wp-element-caption\">Convidados foram recebidos com caf\u00e9 (Foto: J\u00e9ssica Fran\u00e7a)<\/figcaption><\/figure>\n\n\n\n<figure data-wp-context=\"{&quot;imageId&quot;:&quot;69ee0f45bb627&quot;}\" data-wp-interactive=\"core\/image\" data-wp-key=\"69ee0f45bb627\" class=\"wp-block-image size-large wp-lightbox-container\"><img loading=\"lazy\" decoding=\"async\" width=\"1024\" height=\"664\" data-wp-class--hide=\"state.isContentHidden\" data-wp-class--show=\"state.isContentVisible\" data-wp-init=\"callbacks.setButtonStyles\" data-wp-on--click=\"actions.showLightbox\" data-wp-on--load=\"callbacks.setButtonStyles\" data-wp-on-window--resize=\"callbacks.setButtonStyles\" data-id=\"5452\" src=\"https:\/\/www.cetap.org.br\/site\/wp-content\/uploads\/2025\/04\/2025-04-25-Encontro-Circuito-13_Foto_JessicaFranca-1024x664.jpg\" alt=\"\" class=\"wp-image-5452\" srcset=\"https:\/\/www.cetap.org.br\/site\/wp-content\/uploads\/2025\/04\/2025-04-25-Encontro-Circuito-13_Foto_JessicaFranca-1024x664.jpg 1024w, https:\/\/www.cetap.org.br\/site\/wp-content\/uploads\/2025\/04\/2025-04-25-Encontro-Circuito-13_Foto_JessicaFranca-300x194.jpg 300w, https:\/\/www.cetap.org.br\/site\/wp-content\/uploads\/2025\/04\/2025-04-25-Encontro-Circuito-13_Foto_JessicaFranca-768x498.jpg 768w, https:\/\/www.cetap.org.br\/site\/wp-content\/uploads\/2025\/04\/2025-04-25-Encontro-Circuito-13_Foto_JessicaFranca.jpg 1080w\" sizes=\"(max-width: 1024px) 100vw, 1024px\" \/><button\n\t\t\tclass=\"lightbox-trigger\"\n\t\t\ttype=\"button\"\n\t\t\taria-haspopup=\"dialog\"\n\t\t\taria-label=\"Ampliar\"\n\t\t\tdata-wp-init=\"callbacks.initTriggerButton\"\n\t\t\tdata-wp-on--click=\"actions.showLightbox\"\n\t\t\tdata-wp-style--right=\"state.imageButtonRight\"\n\t\t\tdata-wp-style--top=\"state.imageButtonTop\"\n\t\t>\n\t\t\t<svg xmlns=\"http:\/\/www.w3.org\/2000\/svg\" width=\"12\" height=\"12\" fill=\"none\" viewBox=\"0 0 12 12\">\n\t\t\t\t<path fill=\"#fff\" d=\"M2 0a2 2 0 0 0-2 2v2h1.5V2a.5.5 0 0 1 .5-.5h2V0H2Zm2 10.5H2a.5.5 0 0 1-.5-.5V8H0v2a2 2 0 0 0 2 2h2v-1.5ZM8 12v-1.5h2a.5.5 0 0 0 .5-.5V8H12v2a2 2 0 0 1-2 2H8Zm2-12a2 2 0 0 1 2 2v2h-1.5V2a.5.5 0 0 0-.5-.5H8V0h2Z\" \/>\n\t\t\t<\/svg>\n\t\t<\/button><figcaption class=\"wp-element-caption\">Alimentos agroecol\u00f3gicos na Esta\u00e7\u00e3o (Foto: J\u00e9ssica Fran\u00e7a)<\/figcaption><\/figure>\n\n\n\n<figure data-wp-context=\"{&quot;imageId&quot;:&quot;69ee0f45bc6b2&quot;}\" data-wp-interactive=\"core\/image\" data-wp-key=\"69ee0f45bc6b2\" class=\"wp-block-image size-large wp-lightbox-container\"><img loading=\"lazy\" decoding=\"async\" width=\"1024\" height=\"664\" data-wp-class--hide=\"state.isContentHidden\" data-wp-class--show=\"state.isContentVisible\" data-wp-init=\"callbacks.setButtonStyles\" data-wp-on--click=\"actions.showLightbox\" data-wp-on--load=\"callbacks.setButtonStyles\" data-wp-on-window--resize=\"callbacks.setButtonStyles\" data-id=\"5455\" src=\"https:\/\/www.cetap.org.br\/site\/wp-content\/uploads\/2025\/04\/2025-04-25-Encontro-Circuito-16_Foto_LauroAlves-ALRS-1024x664.jpg\" alt=\"\" class=\"wp-image-5455\" srcset=\"https:\/\/www.cetap.org.br\/site\/wp-content\/uploads\/2025\/04\/2025-04-25-Encontro-Circuito-16_Foto_LauroAlves-ALRS-1024x664.jpg 1024w, https:\/\/www.cetap.org.br\/site\/wp-content\/uploads\/2025\/04\/2025-04-25-Encontro-Circuito-16_Foto_LauroAlves-ALRS-300x194.jpg 300w, https:\/\/www.cetap.org.br\/site\/wp-content\/uploads\/2025\/04\/2025-04-25-Encontro-Circuito-16_Foto_LauroAlves-ALRS-768x498.jpg 768w, https:\/\/www.cetap.org.br\/site\/wp-content\/uploads\/2025\/04\/2025-04-25-Encontro-Circuito-16_Foto_LauroAlves-ALRS.jpg 1080w\" sizes=\"(max-width: 1024px) 100vw, 1024px\" \/><button\n\t\t\tclass=\"lightbox-trigger\"\n\t\t\ttype=\"button\"\n\t\t\taria-haspopup=\"dialog\"\n\t\t\taria-label=\"Ampliar\"\n\t\t\tdata-wp-init=\"callbacks.initTriggerButton\"\n\t\t\tdata-wp-on--click=\"actions.showLightbox\"\n\t\t\tdata-wp-style--right=\"state.imageButtonRight\"\n\t\t\tdata-wp-style--top=\"state.imageButtonTop\"\n\t\t>\n\t\t\t<svg xmlns=\"http:\/\/www.w3.org\/2000\/svg\" width=\"12\" height=\"12\" fill=\"none\" viewBox=\"0 0 12 12\">\n\t\t\t\t<path fill=\"#fff\" d=\"M2 0a2 2 0 0 0-2 2v2h1.5V2a.5.5 0 0 1 .5-.5h2V0H2Zm2 10.5H2a.5.5 0 0 1-.5-.5V8H0v2a2 2 0 0 0 2 2h2v-1.5ZM8 12v-1.5h2a.5.5 0 0 0 .5-.5V8H12v2a2 2 0 0 1-2 2H8Zm2-12a2 2 0 0 1 2 2v2h-1.5V2a.5.5 0 0 0-.5-.5H8V0h2Z\" \/>\n\t\t\t<\/svg>\n\t\t<\/button><figcaption class=\"wp-element-caption\">Cerca de 200 pessoas participaram do evento (Foto: Lauro Alves\/ALRS)<\/figcaption><\/figure>\n<\/figure>\n\n\n\n<p style=\"font-size:14px\"><em>Texto: J\u00e9ssica Fran\u00e7a<br>Colabora\u00e7\u00e3o: Marcelo Araujo<\/em><\/p>\n","protected":false},"excerpt":{"rendered":"<p>Evento no dia 25\/04, na Esta\u00e7\u00e3o Tr\u00eas Arroios, destacou o investimento de R$ 3,8 milh\u00f5es em equipamentos e ve\u00edculos para fortalecer a produ\u00e7\u00e3o, beneficiamento e log\u00edstica de entrega dos produtos<\/p>\n","protected":false},"author":1,"featured_media":5455,"comment_status":"closed","ping_status":"closed","sticky":false,"template":"","format":"standard","meta":{"footnotes":""},"categories":[6],"tags":[],"class_list":["post-5439","post","type-post","status-publish","format-standard","has-post-thumbnail","hentry","category-noticias"],"_links":{"self":[{"href":"https:\/\/www.cetap.org.br\/site\/wp-json\/wp\/v2\/posts\/5439","targetHints":{"allow":["GET"]}}],"collection":[{"href":"https:\/\/www.cetap.org.br\/site\/wp-json\/wp\/v2\/posts"}],"about":[{"href":"https:\/\/www.cetap.org.br\/site\/wp-json\/wp\/v2\/types\/post"}],"author":[{"embeddable":true,"href":"https:\/\/www.cetap.org.br\/site\/wp-json\/wp\/v2\/users\/1"}],"replies":[{"embeddable":true,"href":"https:\/\/www.cetap.org.br\/site\/wp-json\/wp\/v2\/comments?post=5439"}],"version-history":[{"count":5,"href":"https:\/\/www.cetap.org.br\/site\/wp-json\/wp\/v2\/posts\/5439\/revisions"}],"predecessor-version":[{"id":5461,"href":"https:\/\/www.cetap.org.br\/site\/wp-json\/wp\/v2\/posts\/5439\/revisions\/5461"}],"wp:featuredmedia":[{"embeddable":true,"href":"https:\/\/www.cetap.org.br\/site\/wp-json\/wp\/v2\/media\/5455"}],"wp:attachment":[{"href":"https:\/\/www.cetap.org.br\/site\/wp-json\/wp\/v2\/media?parent=5439"}],"wp:term":[{"taxonomy":"category","embeddable":true,"href":"https:\/\/www.cetap.org.br\/site\/wp-json\/wp\/v2\/categories?post=5439"},{"taxonomy":"post_tag","embeddable":true,"href":"https:\/\/www.cetap.org.br\/site\/wp-json\/wp\/v2\/tags?post=5439"}],"curies":[{"name":"wp","href":"https:\/\/api.w.org\/{rel}","templated":true}]}}