{"id":5241,"date":"2024-12-06T10:49:10","date_gmt":"2024-12-06T13:49:10","guid":{"rendered":"https:\/\/www.cetap.org.br\/site\/?p=5241"},"modified":"2024-12-06T10:53:54","modified_gmt":"2024-12-06T13:53:54","slug":"relatorio-de-indicadores-agroecologicos-2023-2024-um-panorama-da-agroecologia-na-america-latina","status":"publish","type":"post","link":"https:\/\/www.cetap.org.br\/site\/relatorio-de-indicadores-agroecologicos-2023-2024-um-panorama-da-agroecologia-na-america-latina\/","title":{"rendered":"Relat\u00f3rio de Indicadores Agroecol\u00f3gicos 2023\/2024: um panorama da agroecologia na Am\u00e9rica Latina"},"content":{"rendered":"\n<p>O projeto&nbsp;<strong><em>Agroecologia na Am\u00e9rica Latina: Construindo Caminhos<\/em><\/strong>&nbsp;anuncia a publica\u00e7\u00e3o de seu mais recente&nbsp;<a href=\"https:\/\/cetap.org.br\/site\/wp-content\/uploads\/material\/Agroecologia-AmericaLatina-relatorio_indicadores_2023-2024.pdf\" target=\"_blank\" rel=\"noreferrer noopener\"><strong>Relat\u00f3rio de Indicadores Agroecol\u00f3gicos<\/strong><\/a>, com dados coletados entre julho de 2023 e junho de 2024. Esta \u00e9 a quarta edi\u00e7\u00e3o do relat\u00f3rio, elaborado de forma colaborativa por 10 organiza\u00e7\u00f5es sociais de sete pa\u00edses latino-americanos, em parceria com a Universidade da Col\u00fambia Brit\u00e2nica (UBC) e 313 fam\u00edlias agricultoras.<\/p>\n\n\n\n<p>A publica\u00e7\u00e3o traz uma an\u00e1lise abrangente de 11 indicadores agroecol\u00f3gicos, cobrindo aspectos sociais, econ\u00f4micos e ambientais da agricultura agroecol\u00f3gica. Os dados, coletados em colabora\u00e7\u00e3o com agricultores e agricultoras a partir de cadernos de campo e ferramentas digitais como o&nbsp;<a href=\"https:\/\/www.litefarm.org\/pt\" target=\"_blank\" rel=\"noreferrer noopener\">LiteFarm<\/a>&nbsp;e o SurveyStack, foram sistematizados para oferecer uma vis\u00e3o abrangente da realidade da agricultura agroecol\u00f3gica no Brasil, Paraguai, Equador, Col\u00f4mbia, Guatemala, El Salvador e M\u00e9xico.<\/p>\n\n\n<div class=\"wp-block-image\">\n<figure class=\"alignleft size-full is-resized\"><img fetchpriority=\"high\" decoding=\"async\" width=\"400\" height=\"566\" src=\"https:\/\/www.cetap.org.br\/site\/wp-content\/uploads\/2024\/12\/2024-12-06-relatorio-LiteFarm_02.jpg\" alt=\"\" class=\"wp-image-5242\" style=\"width:317px;height:auto\" srcset=\"https:\/\/www.cetap.org.br\/site\/wp-content\/uploads\/2024\/12\/2024-12-06-relatorio-LiteFarm_02.jpg 400w, https:\/\/www.cetap.org.br\/site\/wp-content\/uploads\/2024\/12\/2024-12-06-relatorio-LiteFarm_02-212x300.jpg 212w\" sizes=\"(max-width: 400px) 100vw, 400px\" \/><\/figure>\n<\/div>\n\n\n<p>O relat\u00f3rio aborda temas como agrobiodiversidade, ado\u00e7\u00e3o de pr\u00e1ticas agroecol\u00f3gicas, sustentabilidade econ\u00f4mica, formas de comercializa\u00e7\u00e3o e rela\u00e7\u00e3o com consumidores. Tamb\u00e9m explora quest\u00f5es de g\u00eanero e gera\u00e7\u00e3o, al\u00e9m de&nbsp;refletir sobre os desafios e solu\u00e7\u00f5es para promover a perman\u00eancia da juventude no campo e fortalecer os mercados agroecol\u00f3gicos.<\/p>\n\n\n\n<p>Com essa iniciativa, buscamos contribuir com a constru\u00e7\u00e3o de conhecimento agroecol\u00f3gico e incidir na formula\u00e7\u00e3o de pol\u00edticas p\u00fablicas e projetos que promovam as transi\u00e7\u00f5es agroecol\u00f3gicas e apoiem agricultores\/as familiares na gest\u00e3o de suas unidades agr\u00edcolas a partir de informa\u00e7\u00f5es claras, consistentes e evidenciadas.<\/p>\n\n\n\n<p>O relat\u00f3rio est\u00e1 dispon\u00edvel para download em&nbsp;<a href=\"https:\/\/cetap.org.br\/site\/wp-content\/uploads\/material\/Agroecologia-AmericaLatina-relatorio_indicadores_2023-2024.pdf\" target=\"_blank\" rel=\"noreferrer noopener\"><strong>portugu\u00eas<\/strong><\/a>,&nbsp;<a href=\"https:\/\/cetap.org.br\/site\/wp-content\/uploads\/material\/Agroecologia-AmericaLatina-relatorio_indicadores_2023-2024_ES.pdf\" target=\"_blank\" rel=\"noreferrer noopener\"><strong>espanhol<\/strong><\/a>&nbsp;e&nbsp;<a href=\"https:\/\/cetap.org.br\/site\/wp-content\/uploads\/material\/Agroecologia-AmericaLatina-relatorio_indicadores_2023-2024_EN.pdf\" target=\"_blank\" rel=\"noreferrer noopener\"><strong>ingl\u00eas<\/strong><\/a>.<\/p>\n\n\n\n<p>A pesquisa-a\u00e7\u00e3o&nbsp;<strong><em>Agroecologia na Am\u00e9rica Latina: Construindo Caminhos<\/em><\/strong>&nbsp;tem o apoio da&nbsp;<a href=\"https:\/\/www.iaf.gov\/pt\/\" target=\"_blank\" rel=\"noreferrer noopener\">Funda\u00e7\u00e3o Interamericana (IAF)<\/a>&nbsp;e da Universidade da Col\u00fambia Brit\u00e2nica e \u00e9 desenvolvida coletivamente pelas seguintes organiza\u00e7\u00f5es:&nbsp;<a href=\"https:\/\/cepagro.org.br\/\" target=\"_blank\" rel=\"noreferrer noopener\">Cepagro<\/a>,&nbsp;<a href=\"https:\/\/www.cetap.org.br\/site\/\" target=\"_blank\" rel=\"noreferrer noopener\">CETAP<\/a>&nbsp;e&nbsp;<a href=\"https:\/\/www.mecenasdavida.org.br\/bahia\/\" target=\"_blank\" rel=\"noreferrer noopener\">Movimento Mecenas da Vida \u2013 MMV<\/a>&nbsp;(Brasil),&nbsp;<a href=\"https:\/\/corambiente.org\/\" target=\"_blank\" rel=\"noreferrer noopener\">Corporaci\u00f3n Buen Ambiente \u2013 Corambiente<\/a>&nbsp;(Col\u00f4mbia),&nbsp;<a href=\"https:\/\/fundesyram.info\/\" target=\"_blank\" rel=\"noreferrer noopener\">Fundesyram<\/a>&nbsp;(El Salvador), Movimiento de Econom\u00eda Social y Solidaria del Ecuador \u2013 meSSe (Equador),&nbsp;<a href=\"https:\/\/ecoagro.org.py\/\" target=\"_blank\" rel=\"noreferrer noopener\">Asociaci\u00f3n de Productores Org\u00e1nicos \u2013 APRO<\/a>&nbsp;(Paraguai),&nbsp;<a href=\"https:\/\/www.vivamosmejor.org.gt\/sitio\/\" target=\"_blank\" rel=\"noreferrer noopener\">Asociaci\u00f3n Vivamos Mejor<\/a>&nbsp;(Guatemala), Centro Campesino para el Desarrollo Sustentable, A.C. e Tijtoca Nemiliztli, A.C. (M\u00e9xico).<\/p>\n\n\n\n<p>&#8211;<\/p>\n\n\n\n<p><em>Fonte: <a href=\"https:\/\/cepagro.org.br\/?p=18531\" target=\"_blank\" rel=\"noreferrer noopener\">Cepagro<\/a><\/em><\/p>\n","protected":false},"excerpt":{"rendered":"<p>Com dados coletados entre julho de 2023 e junho de 2024, esta \u00e9 a 4\u00aa Edi\u00e7\u00e3o do Relat\u00f3rio, elaborado de forma colaborativa por 10 organiza\u00e7\u00f5es sociais de sete pa\u00edses latino-americanos<\/p>\n","protected":false},"author":1,"featured_media":5243,"comment_status":"closed","ping_status":"closed","sticky":false,"template":"","format":"standard","meta":{"footnotes":""},"categories":[1],"tags":[],"class_list":["post-5241","post","type-post","status-publish","format-standard","has-post-thumbnail","hentry","category-sem-categoria"],"_links":{"self":[{"href":"https:\/\/www.cetap.org.br\/site\/wp-json\/wp\/v2\/posts\/5241","targetHints":{"allow":["GET"]}}],"collection":[{"href":"https:\/\/www.cetap.org.br\/site\/wp-json\/wp\/v2\/posts"}],"about":[{"href":"https:\/\/www.cetap.org.br\/site\/wp-json\/wp\/v2\/types\/post"}],"author":[{"embeddable":true,"href":"https:\/\/www.cetap.org.br\/site\/wp-json\/wp\/v2\/users\/1"}],"replies":[{"embeddable":true,"href":"https:\/\/www.cetap.org.br\/site\/wp-json\/wp\/v2\/comments?post=5241"}],"version-history":[{"count":4,"href":"https:\/\/www.cetap.org.br\/site\/wp-json\/wp\/v2\/posts\/5241\/revisions"}],"predecessor-version":[{"id":5247,"href":"https:\/\/www.cetap.org.br\/site\/wp-json\/wp\/v2\/posts\/5241\/revisions\/5247"}],"wp:featuredmedia":[{"embeddable":true,"href":"https:\/\/www.cetap.org.br\/site\/wp-json\/wp\/v2\/media\/5243"}],"wp:attachment":[{"href":"https:\/\/www.cetap.org.br\/site\/wp-json\/wp\/v2\/media?parent=5241"}],"wp:term":[{"taxonomy":"category","embeddable":true,"href":"https:\/\/www.cetap.org.br\/site\/wp-json\/wp\/v2\/categories?post=5241"},{"taxonomy":"post_tag","embeddable":true,"href":"https:\/\/www.cetap.org.br\/site\/wp-json\/wp\/v2\/tags?post=5241"}],"curies":[{"name":"wp","href":"https:\/\/api.w.org\/{rel}","templated":true}]}}