{"id":5193,"date":"2024-12-04T11:00:00","date_gmt":"2024-12-04T14:00:00","guid":{"rendered":"https:\/\/www.cetap.org.br\/site\/?p=5193"},"modified":"2024-12-05T10:43:05","modified_gmt":"2024-12-05T13:43:05","slug":"encontro-no-paraguai-reune-organizacoes-latino-americanas-para-debater-evidencias-cientificas-sobre-a-agroecologia","status":"publish","type":"post","link":"https:\/\/www.cetap.org.br\/site\/encontro-no-paraguai-reune-organizacoes-latino-americanas-para-debater-evidencias-cientificas-sobre-a-agroecologia\/","title":{"rendered":"Encontro no Paraguai re\u00fane organiza\u00e7\u00f5es latino-americanas para debater evid\u00eancias cient\u00edficas sobre a Agroecologia"},"content":{"rendered":"\n<p><em>Representantes de 12 organiza\u00e7\u00f5es de nove pa\u00edses discutem avan\u00e7os e desafios da agroecologia no continente e refor\u00e7am compromisso com a pesquisa participativa e a constru\u00e7\u00e3o de evid\u00eancias sobre os sistemas agroecol\u00f3gicos.<\/em><\/p>\n\n\n\n<p>Entre os dias 26 e 30 de outubro, o Paraguai recebeu o terceiro encontro presencial do projeto&nbsp;<a href=\"https:\/\/cepagro.org.br\/?page_id=4105\" target=\"_blank\" rel=\"noreferrer noopener\"><strong>Agroecologia na Am\u00e9rica Latina: Construindo Caminhos<\/strong><\/a>\u201d, reunindo representantes de 12 organiza\u00e7\u00f5es sociais do Brasil, Paraguai, Equador, Col\u00f4mbia, El Salvador, Guatemala, M\u00e9xico, Canad\u00e1 e Estados Unidos da Am\u00e9rica. O projeto, que come\u00e7ou em 2020, visa gerar evid\u00eancias sobre a agroecologia por meio de uma pesquisa-a\u00e7\u00e3o participativa que j\u00e1 envolveu mais de 320 fam\u00edlias agricultoras em sete pa\u00edses. Um dos momentos mais importantes do encontro foi a an\u00e1lise e revis\u00e3o do&nbsp;<a href=\"https:\/\/cepagro.org.br\/?p=18531\" target=\"_blank\" rel=\"noreferrer noopener\"><strong>terceiro relat\u00f3rio do projeto<\/strong><\/a>, elaborado com base em dados coletados entre julho de 2023 e junho de 2024.<\/p>\n\n\n\n<p>Durante o debate, as organiza\u00e7\u00f5es participantes trocaram percep\u00e7\u00f5es sobre os insights e desafios apontados pelo&nbsp;<a href=\"https:\/\/cepagro.org.br\/?p=18531\" target=\"_blank\" rel=\"noreferrer noopener\">relat\u00f3rio, que acaba de ser publicado<\/a>. Entre os temas discutidos, destacou-se a quest\u00e3o da perman\u00eancia da juventude no campo, considerando que o \u00eaxodo rural \u00e9 uma problem\u00e1tica recorrente em todos os pa\u00edses envolvidos.&nbsp;O relat\u00f3rio revela, por exemplo, que o grau de autonomia financeira dos\/as jovens influencia diretamente o seu interesse em continuar na agroecologia e permanecer no territ\u00f3rio.&nbsp;Informa\u00e7\u00f5es como esta ajudam as organiza\u00e7\u00f5es a desenvolver estrat\u00e9gias de atua\u00e7\u00e3o com esse p\u00fablico, j\u00e1 que a sucess\u00e3o rural \u00e9 um dos pilares da sustentabilidade da agroecologia.<\/p>\n\n\n\n<figure class=\"wp-block-gallery has-nested-images columns-default is-cropped wp-block-gallery-1 is-layout-flex wp-block-gallery-is-layout-flex\">\n<figure data-wp-context=\"{&quot;imageId&quot;:&quot;69f262bf0341c&quot;}\" data-wp-interactive=\"core\/image\" data-wp-key=\"69f262bf0341c\" class=\"wp-block-image size-large wp-lightbox-container\"><img fetchpriority=\"high\" decoding=\"async\" width=\"1024\" height=\"1024\" data-wp-class--hide=\"state.isContentHidden\" data-wp-class--show=\"state.isContentVisible\" data-wp-init=\"callbacks.setButtonStyles\" data-wp-on--click=\"actions.showLightbox\" data-wp-on--load=\"callbacks.setButtonStyles\" data-wp-on-window--resize=\"callbacks.setButtonStyles\" data-id=\"5198\" src=\"https:\/\/www.cetap.org.br\/site\/wp-content\/uploads\/2024\/12\/2024-12-04-Encontro-LiteFarm-Paraguai-04-1024x1024.jpg\" alt=\"\" class=\"wp-image-5198\" srcset=\"https:\/\/www.cetap.org.br\/site\/wp-content\/uploads\/2024\/12\/2024-12-04-Encontro-LiteFarm-Paraguai-04-1024x1024.jpg 1024w, https:\/\/www.cetap.org.br\/site\/wp-content\/uploads\/2024\/12\/2024-12-04-Encontro-LiteFarm-Paraguai-04-300x300.jpg 300w, https:\/\/www.cetap.org.br\/site\/wp-content\/uploads\/2024\/12\/2024-12-04-Encontro-LiteFarm-Paraguai-04-150x150.jpg 150w, https:\/\/www.cetap.org.br\/site\/wp-content\/uploads\/2024\/12\/2024-12-04-Encontro-LiteFarm-Paraguai-04-768x768.jpg 768w, https:\/\/www.cetap.org.br\/site\/wp-content\/uploads\/2024\/12\/2024-12-04-Encontro-LiteFarm-Paraguai-04-700x700.jpg 700w, https:\/\/www.cetap.org.br\/site\/wp-content\/uploads\/2024\/12\/2024-12-04-Encontro-LiteFarm-Paraguai-04-90x90.jpg 90w, https:\/\/www.cetap.org.br\/site\/wp-content\/uploads\/2024\/12\/2024-12-04-Encontro-LiteFarm-Paraguai-04-360x360.jpg 360w, https:\/\/www.cetap.org.br\/site\/wp-content\/uploads\/2024\/12\/2024-12-04-Encontro-LiteFarm-Paraguai-04-64x64.jpg 64w, https:\/\/www.cetap.org.br\/site\/wp-content\/uploads\/2024\/12\/2024-12-04-Encontro-LiteFarm-Paraguai-04.jpg 1080w\" sizes=\"(max-width: 1024px) 100vw, 1024px\" \/><button\n\t\t\tclass=\"lightbox-trigger\"\n\t\t\ttype=\"button\"\n\t\t\taria-haspopup=\"dialog\"\n\t\t\taria-label=\"Ampliar\"\n\t\t\tdata-wp-init=\"callbacks.initTriggerButton\"\n\t\t\tdata-wp-on--click=\"actions.showLightbox\"\n\t\t\tdata-wp-style--right=\"state.imageButtonRight\"\n\t\t\tdata-wp-style--top=\"state.imageButtonTop\"\n\t\t>\n\t\t\t<svg xmlns=\"http:\/\/www.w3.org\/2000\/svg\" width=\"12\" height=\"12\" fill=\"none\" viewBox=\"0 0 12 12\">\n\t\t\t\t<path fill=\"#fff\" d=\"M2 0a2 2 0 0 0-2 2v2h1.5V2a.5.5 0 0 1 .5-.5h2V0H2Zm2 10.5H2a.5.5 0 0 1-.5-.5V8H0v2a2 2 0 0 0 2 2h2v-1.5ZM8 12v-1.5h2a.5.5 0 0 0 .5-.5V8H12v2a2 2 0 0 1-2 2H8Zm2-12a2 2 0 0 1 2 2v2h-1.5V2a.5.5 0 0 0-.5-.5H8V0h2Z\" \/>\n\t\t\t<\/svg>\n\t\t<\/button><\/figure>\n\n\n\n<figure data-wp-context=\"{&quot;imageId&quot;:&quot;69f262bf040ba&quot;}\" data-wp-interactive=\"core\/image\" data-wp-key=\"69f262bf040ba\" class=\"wp-block-image size-large wp-lightbox-container\"><img decoding=\"async\" width=\"1024\" height=\"664\" data-wp-class--hide=\"state.isContentHidden\" data-wp-class--show=\"state.isContentVisible\" data-wp-init=\"callbacks.setButtonStyles\" data-wp-on--click=\"actions.showLightbox\" data-wp-on--load=\"callbacks.setButtonStyles\" data-wp-on-window--resize=\"callbacks.setButtonStyles\" data-id=\"5197\" src=\"https:\/\/www.cetap.org.br\/site\/wp-content\/uploads\/2024\/12\/2024-12-04-Encontro-LiteFarm-Paraguai-03-1024x664.jpg\" alt=\"\" class=\"wp-image-5197\" srcset=\"https:\/\/www.cetap.org.br\/site\/wp-content\/uploads\/2024\/12\/2024-12-04-Encontro-LiteFarm-Paraguai-03-1024x664.jpg 1024w, https:\/\/www.cetap.org.br\/site\/wp-content\/uploads\/2024\/12\/2024-12-04-Encontro-LiteFarm-Paraguai-03-300x194.jpg 300w, https:\/\/www.cetap.org.br\/site\/wp-content\/uploads\/2024\/12\/2024-12-04-Encontro-LiteFarm-Paraguai-03-768x498.jpg 768w, https:\/\/www.cetap.org.br\/site\/wp-content\/uploads\/2024\/12\/2024-12-04-Encontro-LiteFarm-Paraguai-03.jpg 1080w\" sizes=\"(max-width: 1024px) 100vw, 1024px\" \/><button\n\t\t\tclass=\"lightbox-trigger\"\n\t\t\ttype=\"button\"\n\t\t\taria-haspopup=\"dialog\"\n\t\t\taria-label=\"Ampliar\"\n\t\t\tdata-wp-init=\"callbacks.initTriggerButton\"\n\t\t\tdata-wp-on--click=\"actions.showLightbox\"\n\t\t\tdata-wp-style--right=\"state.imageButtonRight\"\n\t\t\tdata-wp-style--top=\"state.imageButtonTop\"\n\t\t>\n\t\t\t<svg xmlns=\"http:\/\/www.w3.org\/2000\/svg\" width=\"12\" height=\"12\" fill=\"none\" viewBox=\"0 0 12 12\">\n\t\t\t\t<path fill=\"#fff\" d=\"M2 0a2 2 0 0 0-2 2v2h1.5V2a.5.5 0 0 1 .5-.5h2V0H2Zm2 10.5H2a.5.5 0 0 1-.5-.5V8H0v2a2 2 0 0 0 2 2h2v-1.5ZM8 12v-1.5h2a.5.5 0 0 0 .5-.5V8H12v2a2 2 0 0 1-2 2H8Zm2-12a2 2 0 0 1 2 2v2h-1.5V2a.5.5 0 0 0-.5-.5H8V0h2Z\" \/>\n\t\t\t<\/svg>\n\t\t<\/button><\/figure>\n\n\n\n<figure data-wp-context=\"{&quot;imageId&quot;:&quot;69f262bf049a2&quot;}\" data-wp-interactive=\"core\/image\" data-wp-key=\"69f262bf049a2\" class=\"wp-block-image size-large wp-lightbox-container\"><img decoding=\"async\" width=\"1024\" height=\"664\" data-wp-class--hide=\"state.isContentHidden\" data-wp-class--show=\"state.isContentVisible\" data-wp-init=\"callbacks.setButtonStyles\" data-wp-on--click=\"actions.showLightbox\" data-wp-on--load=\"callbacks.setButtonStyles\" data-wp-on-window--resize=\"callbacks.setButtonStyles\" data-id=\"5196\" src=\"https:\/\/www.cetap.org.br\/site\/wp-content\/uploads\/2024\/12\/2024-12-04-Encontro-LiteFarm-Paraguai-02-1024x664.jpg\" alt=\"\" class=\"wp-image-5196\" srcset=\"https:\/\/www.cetap.org.br\/site\/wp-content\/uploads\/2024\/12\/2024-12-04-Encontro-LiteFarm-Paraguai-02-1024x664.jpg 1024w, https:\/\/www.cetap.org.br\/site\/wp-content\/uploads\/2024\/12\/2024-12-04-Encontro-LiteFarm-Paraguai-02-300x194.jpg 300w, https:\/\/www.cetap.org.br\/site\/wp-content\/uploads\/2024\/12\/2024-12-04-Encontro-LiteFarm-Paraguai-02-768x498.jpg 768w, https:\/\/www.cetap.org.br\/site\/wp-content\/uploads\/2024\/12\/2024-12-04-Encontro-LiteFarm-Paraguai-02.jpg 1080w\" sizes=\"(max-width: 1024px) 100vw, 1024px\" \/><button\n\t\t\tclass=\"lightbox-trigger\"\n\t\t\ttype=\"button\"\n\t\t\taria-haspopup=\"dialog\"\n\t\t\taria-label=\"Ampliar\"\n\t\t\tdata-wp-init=\"callbacks.initTriggerButton\"\n\t\t\tdata-wp-on--click=\"actions.showLightbox\"\n\t\t\tdata-wp-style--right=\"state.imageButtonRight\"\n\t\t\tdata-wp-style--top=\"state.imageButtonTop\"\n\t\t>\n\t\t\t<svg xmlns=\"http:\/\/www.w3.org\/2000\/svg\" width=\"12\" height=\"12\" fill=\"none\" viewBox=\"0 0 12 12\">\n\t\t\t\t<path fill=\"#fff\" d=\"M2 0a2 2 0 0 0-2 2v2h1.5V2a.5.5 0 0 1 .5-.5h2V0H2Zm2 10.5H2a.5.5 0 0 1-.5-.5V8H0v2a2 2 0 0 0 2 2h2v-1.5ZM8 12v-1.5h2a.5.5 0 0 0 .5-.5V8H12v2a2 2 0 0 1-2 2H8Zm2-12a2 2 0 0 1 2 2v2h-1.5V2a.5.5 0 0 0-.5-.5H8V0h2Z\" \/>\n\t\t\t<\/svg>\n\t\t<\/button><\/figure>\n<\/figure>\n\n\n\n<p>\u201cA import\u00e2ncia de contribuir para a constru\u00e7\u00e3o da autonomia financeira dos jovens rurais, que permita que o desejo de permanecer no territ\u00f3rio continue crescendo, \u00e9, sem d\u00favida, uma das conclus\u00f5es mais relevantes para n\u00f3s. J\u00e1 dedicamos muitos anos a nos preocupar com esse tema, que \u00e9 uma preocupa\u00e7\u00e3o comum em toda a Am\u00e9rica Latina. O campo est\u00e1 envelhecendo por diversas raz\u00f5es, e reconhecer que existe uma possibilidade real de bem-estar para os jovens, que lhes ofere\u00e7a um futuro vi\u00e1vel, \u00e9 certamente um primeiro indicador e uma conclus\u00e3o muito significativa\u201d, afirma Ricardo Eslava, integrante da equipe diretiva da&nbsp;<a href=\"https:\/\/corambiente.org\/\" target=\"_blank\" rel=\"noreferrer noopener\"><strong>Corporaci\u00f3n Buen Ambiente (Corambiente)<\/strong><\/a>, na Col\u00f4mbia.<\/p>\n\n\n\n<p>A Corambiente, assim como as demais organiza\u00e7\u00f5es participantes, tem promovido ativamente a participa\u00e7\u00e3o de jovens camponeses e camponesas na execu\u00e7\u00e3o da pesquisa-a\u00e7\u00e3o. Esses\/as jovens desempenham um papel fundamental, contribuindo para a coleta de informa\u00e7\u00f5es em colabora\u00e7\u00e3o com suas fam\u00edlias e comunidades. No Equador, a mesma abordagem \u00e9 adotada pelo Movimiento de Econom\u00eda Social y Solidaria del Ecuador (meSSe), como destaca Rosa Murillo:&nbsp;\u201cEnvolvemos bastante os jovens das fam\u00edlias justamente para demonstrar que um jovem, na realidade, n\u00e3o sai do campo para a cidade porque quer, mas porque o sistema o expulsa e n\u00e3o permite que jovens que desejam ficar no campo vivam dignamente. Com essas informa\u00e7\u00f5es, queremos justamente tornar vis\u00edvel que, talvez, com pol\u00edticas adequadas \u00e0s realidades, um jovem ou uma fam\u00edlia com filhos possa permanecer no campo\u201d.<\/p>\n\n\n\n<figure class=\"wp-block-gallery has-nested-images columns-default is-cropped wp-block-gallery-2 is-layout-flex wp-block-gallery-is-layout-flex\">\n<figure data-wp-context=\"{&quot;imageId&quot;:&quot;69f262bf06107&quot;}\" data-wp-interactive=\"core\/image\" data-wp-key=\"69f262bf06107\" class=\"wp-block-image size-large wp-lightbox-container\"><img loading=\"lazy\" decoding=\"async\" width=\"1024\" height=\"664\" data-wp-class--hide=\"state.isContentHidden\" data-wp-class--show=\"state.isContentVisible\" data-wp-init=\"callbacks.setButtonStyles\" data-wp-on--click=\"actions.showLightbox\" data-wp-on--load=\"callbacks.setButtonStyles\" data-wp-on-window--resize=\"callbacks.setButtonStyles\" data-id=\"5205\" src=\"https:\/\/www.cetap.org.br\/site\/wp-content\/uploads\/2024\/12\/2024-12-04-Encontro-LiteFarm-Paraguai-11-1024x664.jpg\" alt=\"\" class=\"wp-image-5205\" srcset=\"https:\/\/www.cetap.org.br\/site\/wp-content\/uploads\/2024\/12\/2024-12-04-Encontro-LiteFarm-Paraguai-11-1024x664.jpg 1024w, https:\/\/www.cetap.org.br\/site\/wp-content\/uploads\/2024\/12\/2024-12-04-Encontro-LiteFarm-Paraguai-11-300x194.jpg 300w, https:\/\/www.cetap.org.br\/site\/wp-content\/uploads\/2024\/12\/2024-12-04-Encontro-LiteFarm-Paraguai-11-768x498.jpg 768w, https:\/\/www.cetap.org.br\/site\/wp-content\/uploads\/2024\/12\/2024-12-04-Encontro-LiteFarm-Paraguai-11.jpg 1080w\" sizes=\"(max-width: 1024px) 100vw, 1024px\" \/><button\n\t\t\tclass=\"lightbox-trigger\"\n\t\t\ttype=\"button\"\n\t\t\taria-haspopup=\"dialog\"\n\t\t\taria-label=\"Ampliar\"\n\t\t\tdata-wp-init=\"callbacks.initTriggerButton\"\n\t\t\tdata-wp-on--click=\"actions.showLightbox\"\n\t\t\tdata-wp-style--right=\"state.imageButtonRight\"\n\t\t\tdata-wp-style--top=\"state.imageButtonTop\"\n\t\t>\n\t\t\t<svg xmlns=\"http:\/\/www.w3.org\/2000\/svg\" width=\"12\" height=\"12\" fill=\"none\" viewBox=\"0 0 12 12\">\n\t\t\t\t<path fill=\"#fff\" d=\"M2 0a2 2 0 0 0-2 2v2h1.5V2a.5.5 0 0 1 .5-.5h2V0H2Zm2 10.5H2a.5.5 0 0 1-.5-.5V8H0v2a2 2 0 0 0 2 2h2v-1.5ZM8 12v-1.5h2a.5.5 0 0 0 .5-.5V8H12v2a2 2 0 0 1-2 2H8Zm2-12a2 2 0 0 1 2 2v2h-1.5V2a.5.5 0 0 0-.5-.5H8V0h2Z\" \/>\n\t\t\t<\/svg>\n\t\t<\/button><\/figure>\n\n\n\n<figure data-wp-context=\"{&quot;imageId&quot;:&quot;69f262bf06a7d&quot;}\" data-wp-interactive=\"core\/image\" data-wp-key=\"69f262bf06a7d\" class=\"wp-block-image size-large wp-lightbox-container\"><img loading=\"lazy\" decoding=\"async\" width=\"1024\" height=\"664\" data-wp-class--hide=\"state.isContentHidden\" data-wp-class--show=\"state.isContentVisible\" data-wp-init=\"callbacks.setButtonStyles\" data-wp-on--click=\"actions.showLightbox\" data-wp-on--load=\"callbacks.setButtonStyles\" data-wp-on-window--resize=\"callbacks.setButtonStyles\" data-id=\"5206\" src=\"https:\/\/www.cetap.org.br\/site\/wp-content\/uploads\/2024\/12\/2024-12-04-Encontro-LiteFarm-Paraguai-12-1024x664.jpg\" alt=\"\" class=\"wp-image-5206\" srcset=\"https:\/\/www.cetap.org.br\/site\/wp-content\/uploads\/2024\/12\/2024-12-04-Encontro-LiteFarm-Paraguai-12-1024x664.jpg 1024w, https:\/\/www.cetap.org.br\/site\/wp-content\/uploads\/2024\/12\/2024-12-04-Encontro-LiteFarm-Paraguai-12-300x194.jpg 300w, https:\/\/www.cetap.org.br\/site\/wp-content\/uploads\/2024\/12\/2024-12-04-Encontro-LiteFarm-Paraguai-12-768x498.jpg 768w, https:\/\/www.cetap.org.br\/site\/wp-content\/uploads\/2024\/12\/2024-12-04-Encontro-LiteFarm-Paraguai-12.jpg 1080w\" sizes=\"(max-width: 1024px) 100vw, 1024px\" \/><button\n\t\t\tclass=\"lightbox-trigger\"\n\t\t\ttype=\"button\"\n\t\t\taria-haspopup=\"dialog\"\n\t\t\taria-label=\"Ampliar\"\n\t\t\tdata-wp-init=\"callbacks.initTriggerButton\"\n\t\t\tdata-wp-on--click=\"actions.showLightbox\"\n\t\t\tdata-wp-style--right=\"state.imageButtonRight\"\n\t\t\tdata-wp-style--top=\"state.imageButtonTop\"\n\t\t>\n\t\t\t<svg xmlns=\"http:\/\/www.w3.org\/2000\/svg\" width=\"12\" height=\"12\" fill=\"none\" viewBox=\"0 0 12 12\">\n\t\t\t\t<path fill=\"#fff\" d=\"M2 0a2 2 0 0 0-2 2v2h1.5V2a.5.5 0 0 1 .5-.5h2V0H2Zm2 10.5H2a.5.5 0 0 1-.5-.5V8H0v2a2 2 0 0 0 2 2h2v-1.5ZM8 12v-1.5h2a.5.5 0 0 0 .5-.5V8H12v2a2 2 0 0 1-2 2H8Zm2-12a2 2 0 0 1 2 2v2h-1.5V2a.5.5 0 0 0-.5-.5H8V0h2Z\" \/>\n\t\t\t<\/svg>\n\t\t<\/button><\/figure>\n\n\n\n<figure data-wp-context=\"{&quot;imageId&quot;:&quot;69f262bf07527&quot;}\" data-wp-interactive=\"core\/image\" data-wp-key=\"69f262bf07527\" class=\"wp-block-image size-large wp-lightbox-container\"><img loading=\"lazy\" decoding=\"async\" width=\"1024\" height=\"664\" data-wp-class--hide=\"state.isContentHidden\" data-wp-class--show=\"state.isContentVisible\" data-wp-init=\"callbacks.setButtonStyles\" data-wp-on--click=\"actions.showLightbox\" data-wp-on--load=\"callbacks.setButtonStyles\" data-wp-on-window--resize=\"callbacks.setButtonStyles\" data-id=\"5209\" src=\"https:\/\/www.cetap.org.br\/site\/wp-content\/uploads\/2024\/12\/2024-12-04-Encontro-LiteFarm-Paraguai-15-1024x664.jpg\" alt=\"\" class=\"wp-image-5209\" srcset=\"https:\/\/www.cetap.org.br\/site\/wp-content\/uploads\/2024\/12\/2024-12-04-Encontro-LiteFarm-Paraguai-15-1024x664.jpg 1024w, https:\/\/www.cetap.org.br\/site\/wp-content\/uploads\/2024\/12\/2024-12-04-Encontro-LiteFarm-Paraguai-15-300x194.jpg 300w, https:\/\/www.cetap.org.br\/site\/wp-content\/uploads\/2024\/12\/2024-12-04-Encontro-LiteFarm-Paraguai-15-768x498.jpg 768w, https:\/\/www.cetap.org.br\/site\/wp-content\/uploads\/2024\/12\/2024-12-04-Encontro-LiteFarm-Paraguai-15.jpg 1080w\" sizes=\"(max-width: 1024px) 100vw, 1024px\" \/><button\n\t\t\tclass=\"lightbox-trigger\"\n\t\t\ttype=\"button\"\n\t\t\taria-haspopup=\"dialog\"\n\t\t\taria-label=\"Ampliar\"\n\t\t\tdata-wp-init=\"callbacks.initTriggerButton\"\n\t\t\tdata-wp-on--click=\"actions.showLightbox\"\n\t\t\tdata-wp-style--right=\"state.imageButtonRight\"\n\t\t\tdata-wp-style--top=\"state.imageButtonTop\"\n\t\t>\n\t\t\t<svg xmlns=\"http:\/\/www.w3.org\/2000\/svg\" width=\"12\" height=\"12\" fill=\"none\" viewBox=\"0 0 12 12\">\n\t\t\t\t<path fill=\"#fff\" d=\"M2 0a2 2 0 0 0-2 2v2h1.5V2a.5.5 0 0 1 .5-.5h2V0H2Zm2 10.5H2a.5.5 0 0 1-.5-.5V8H0v2a2 2 0 0 0 2 2h2v-1.5ZM8 12v-1.5h2a.5.5 0 0 0 .5-.5V8H12v2a2 2 0 0 1-2 2H8Zm2-12a2 2 0 0 1 2 2v2h-1.5V2a.5.5 0 0 0-.5-.5H8V0h2Z\" \/>\n\t\t\t<\/svg>\n\t\t<\/button><\/figure>\n<\/figure>\n\n\n\n<p>Outro indicador relevante, tanto para as organiza\u00e7\u00f5es quanto para as fam\u00edlias agricultoras, \u00e9 o de agrobiodiversidade. \u201cBasicamente, o que descobrimos por meio desses relat\u00f3rios, baseados nos primeiros anos de experi\u00eancia no projeto, \u00e9 que muitas fam\u00edlias n\u00e3o percebiam a riqueza da diversidade que possu\u00edam em suas unidades de produ\u00e7\u00e3o\u201d, comenta Walter Santillana, t\u00e9cnico da&nbsp;<strong><a href=\"https:\/\/fundesyram.info\/\" target=\"_blank\" rel=\"noreferrer noopener\">Fundesyram<\/a><\/strong>, de El Salvador. No caso de algumas fam\u00edlias salvadorenhas participantes da pesquisa-a\u00e7\u00e3o, os registros realizados por elas pr\u00f3prias revelaram que esp\u00e9cies nativas como a c\u00farcuma e o gengibre estavam sendo subutilizadas. \u201cMuitos produtores tinham esses cultivos em suas parcelas, mas s\u00f3 tomaram consci\u00eancia disso quando registraram. [\u2026] Agora, com esse conhecimento, est\u00e3o abrindo novos espa\u00e7os de comercializa\u00e7\u00e3o para outros cultivos\u201d, acrescenta Walter.<\/p>\n\n\n\n<p>As organiza\u00e7\u00f5es destacaram tamb\u00e9m a import\u00e2ncia de acompanhar a ado\u00e7\u00e3o de pr\u00e1ticas agroecol\u00f3gicas ao longo do tempo e avaliar como elas impactam a produ\u00e7\u00e3o, bem como mensurar a viabilidade financeira da agroecologia, um dado fundamental para fortalecer o di\u00e1logo com fam\u00edlias agricultoras que ainda permanecem no sistema de produ\u00e7\u00e3o convencional. Essas informa\u00e7\u00f5es s\u00e3o essenciais para incentivar essas fam\u00edlias a iniciarem uma transi\u00e7\u00e3o para a agroecologia, bem como gerar confian\u00e7a nas fam\u00edlias que est\u00e3o em processo de transi\u00e7\u00e3o.<\/p>\n\n\n\n<p>Por fim, destacou-se a import\u00e2ncia e o desafio de mensurar os servi\u00e7os ecossist\u00eamicos gerados por propriedades agroecol\u00f3gicas, como o sequestro de carbono, a ciclagem de nutrientes, a preserva\u00e7\u00e3o da biodiversidade, entre outros. Esses indicadores representam um argumento poderoso para o Movimento Agroecol\u00f3gico, evidenciando que os sistemas agroecol\u00f3gicos de produ\u00e7\u00e3o v\u00e3o al\u00e9m da simples mudan\u00e7a de insumos para cultivar alimentos saud\u00e1veis, promovendo benef\u00edcios ambientais e sociais integrados.<\/p>\n\n\n\n<figure class=\"wp-block-gallery has-nested-images columns-default is-cropped wp-block-gallery-3 is-layout-flex wp-block-gallery-is-layout-flex\">\n<figure data-wp-context=\"{&quot;imageId&quot;:&quot;69f262bf08541&quot;}\" data-wp-interactive=\"core\/image\" data-wp-key=\"69f262bf08541\" class=\"wp-block-image size-large wp-lightbox-container\"><img loading=\"lazy\" decoding=\"async\" width=\"1024\" height=\"664\" data-wp-class--hide=\"state.isContentHidden\" data-wp-class--show=\"state.isContentVisible\" data-wp-init=\"callbacks.setButtonStyles\" data-wp-on--click=\"actions.showLightbox\" data-wp-on--load=\"callbacks.setButtonStyles\" data-wp-on-window--resize=\"callbacks.setButtonStyles\" data-id=\"5201\" src=\"https:\/\/www.cetap.org.br\/site\/wp-content\/uploads\/2024\/12\/2024-12-04-Encontro-LiteFarm-Paraguai-07-1024x664.jpg\" alt=\"\" class=\"wp-image-5201\" srcset=\"https:\/\/www.cetap.org.br\/site\/wp-content\/uploads\/2024\/12\/2024-12-04-Encontro-LiteFarm-Paraguai-07-1024x664.jpg 1024w, https:\/\/www.cetap.org.br\/site\/wp-content\/uploads\/2024\/12\/2024-12-04-Encontro-LiteFarm-Paraguai-07-300x194.jpg 300w, https:\/\/www.cetap.org.br\/site\/wp-content\/uploads\/2024\/12\/2024-12-04-Encontro-LiteFarm-Paraguai-07-768x498.jpg 768w, https:\/\/www.cetap.org.br\/site\/wp-content\/uploads\/2024\/12\/2024-12-04-Encontro-LiteFarm-Paraguai-07.jpg 1080w\" sizes=\"(max-width: 1024px) 100vw, 1024px\" \/><button\n\t\t\tclass=\"lightbox-trigger\"\n\t\t\ttype=\"button\"\n\t\t\taria-haspopup=\"dialog\"\n\t\t\taria-label=\"Ampliar\"\n\t\t\tdata-wp-init=\"callbacks.initTriggerButton\"\n\t\t\tdata-wp-on--click=\"actions.showLightbox\"\n\t\t\tdata-wp-style--right=\"state.imageButtonRight\"\n\t\t\tdata-wp-style--top=\"state.imageButtonTop\"\n\t\t>\n\t\t\t<svg xmlns=\"http:\/\/www.w3.org\/2000\/svg\" width=\"12\" height=\"12\" fill=\"none\" viewBox=\"0 0 12 12\">\n\t\t\t\t<path fill=\"#fff\" d=\"M2 0a2 2 0 0 0-2 2v2h1.5V2a.5.5 0 0 1 .5-.5h2V0H2Zm2 10.5H2a.5.5 0 0 1-.5-.5V8H0v2a2 2 0 0 0 2 2h2v-1.5ZM8 12v-1.5h2a.5.5 0 0 0 .5-.5V8H12v2a2 2 0 0 1-2 2H8Zm2-12a2 2 0 0 1 2 2v2h-1.5V2a.5.5 0 0 0-.5-.5H8V0h2Z\" \/>\n\t\t\t<\/svg>\n\t\t<\/button><\/figure>\n\n\n\n<figure data-wp-context=\"{&quot;imageId&quot;:&quot;69f262bf09057&quot;}\" data-wp-interactive=\"core\/image\" data-wp-key=\"69f262bf09057\" class=\"wp-block-image size-large wp-lightbox-container\"><img loading=\"lazy\" decoding=\"async\" width=\"1024\" height=\"664\" data-wp-class--hide=\"state.isContentHidden\" data-wp-class--show=\"state.isContentVisible\" data-wp-init=\"callbacks.setButtonStyles\" data-wp-on--click=\"actions.showLightbox\" data-wp-on--load=\"callbacks.setButtonStyles\" data-wp-on-window--resize=\"callbacks.setButtonStyles\" data-id=\"5200\" src=\"https:\/\/www.cetap.org.br\/site\/wp-content\/uploads\/2024\/12\/2024-12-04-Encontro-LiteFarm-Paraguai-06-1024x664.jpg\" alt=\"\" class=\"wp-image-5200\" srcset=\"https:\/\/www.cetap.org.br\/site\/wp-content\/uploads\/2024\/12\/2024-12-04-Encontro-LiteFarm-Paraguai-06-1024x664.jpg 1024w, https:\/\/www.cetap.org.br\/site\/wp-content\/uploads\/2024\/12\/2024-12-04-Encontro-LiteFarm-Paraguai-06-300x194.jpg 300w, https:\/\/www.cetap.org.br\/site\/wp-content\/uploads\/2024\/12\/2024-12-04-Encontro-LiteFarm-Paraguai-06-768x498.jpg 768w, https:\/\/www.cetap.org.br\/site\/wp-content\/uploads\/2024\/12\/2024-12-04-Encontro-LiteFarm-Paraguai-06.jpg 1080w\" sizes=\"(max-width: 1024px) 100vw, 1024px\" \/><button\n\t\t\tclass=\"lightbox-trigger\"\n\t\t\ttype=\"button\"\n\t\t\taria-haspopup=\"dialog\"\n\t\t\taria-label=\"Ampliar\"\n\t\t\tdata-wp-init=\"callbacks.initTriggerButton\"\n\t\t\tdata-wp-on--click=\"actions.showLightbox\"\n\t\t\tdata-wp-style--right=\"state.imageButtonRight\"\n\t\t\tdata-wp-style--top=\"state.imageButtonTop\"\n\t\t>\n\t\t\t<svg xmlns=\"http:\/\/www.w3.org\/2000\/svg\" width=\"12\" height=\"12\" fill=\"none\" viewBox=\"0 0 12 12\">\n\t\t\t\t<path fill=\"#fff\" d=\"M2 0a2 2 0 0 0-2 2v2h1.5V2a.5.5 0 0 1 .5-.5h2V0H2Zm2 10.5H2a.5.5 0 0 1-.5-.5V8H0v2a2 2 0 0 0 2 2h2v-1.5ZM8 12v-1.5h2a.5.5 0 0 0 .5-.5V8H12v2a2 2 0 0 1-2 2H8Zm2-12a2 2 0 0 1 2 2v2h-1.5V2a.5.5 0 0 0-.5-.5H8V0h2Z\" \/>\n\t\t\t<\/svg>\n\t\t<\/button><\/figure>\n\n\n\n<figure data-wp-context=\"{&quot;imageId&quot;:&quot;69f262bf09d5e&quot;}\" data-wp-interactive=\"core\/image\" data-wp-key=\"69f262bf09d5e\" class=\"wp-block-image size-large wp-lightbox-container\"><img loading=\"lazy\" decoding=\"async\" width=\"1024\" height=\"664\" data-wp-class--hide=\"state.isContentHidden\" data-wp-class--show=\"state.isContentVisible\" data-wp-init=\"callbacks.setButtonStyles\" data-wp-on--click=\"actions.showLightbox\" data-wp-on--load=\"callbacks.setButtonStyles\" data-wp-on-window--resize=\"callbacks.setButtonStyles\" data-id=\"5199\" src=\"https:\/\/www.cetap.org.br\/site\/wp-content\/uploads\/2024\/12\/2024-12-04-Encontro-LiteFarm-Paraguai-05-1024x664.jpg\" alt=\"\" class=\"wp-image-5199\" srcset=\"https:\/\/www.cetap.org.br\/site\/wp-content\/uploads\/2024\/12\/2024-12-04-Encontro-LiteFarm-Paraguai-05-1024x664.jpg 1024w, https:\/\/www.cetap.org.br\/site\/wp-content\/uploads\/2024\/12\/2024-12-04-Encontro-LiteFarm-Paraguai-05-300x194.jpg 300w, https:\/\/www.cetap.org.br\/site\/wp-content\/uploads\/2024\/12\/2024-12-04-Encontro-LiteFarm-Paraguai-05-768x498.jpg 768w, https:\/\/www.cetap.org.br\/site\/wp-content\/uploads\/2024\/12\/2024-12-04-Encontro-LiteFarm-Paraguai-05.jpg 1080w\" sizes=\"(max-width: 1024px) 100vw, 1024px\" \/><button\n\t\t\tclass=\"lightbox-trigger\"\n\t\t\ttype=\"button\"\n\t\t\taria-haspopup=\"dialog\"\n\t\t\taria-label=\"Ampliar\"\n\t\t\tdata-wp-init=\"callbacks.initTriggerButton\"\n\t\t\tdata-wp-on--click=\"actions.showLightbox\"\n\t\t\tdata-wp-style--right=\"state.imageButtonRight\"\n\t\t\tdata-wp-style--top=\"state.imageButtonTop\"\n\t\t>\n\t\t\t<svg xmlns=\"http:\/\/www.w3.org\/2000\/svg\" width=\"12\" height=\"12\" fill=\"none\" viewBox=\"0 0 12 12\">\n\t\t\t\t<path fill=\"#fff\" d=\"M2 0a2 2 0 0 0-2 2v2h1.5V2a.5.5 0 0 1 .5-.5h2V0H2Zm2 10.5H2a.5.5 0 0 1-.5-.5V8H0v2a2 2 0 0 0 2 2h2v-1.5ZM8 12v-1.5h2a.5.5 0 0 0 .5-.5V8H12v2a2 2 0 0 1-2 2H8Zm2-12a2 2 0 0 1 2 2v2h-1.5V2a.5.5 0 0 0-.5-.5H8V0h2Z\" \/>\n\t\t\t<\/svg>\n\t\t<\/button><\/figure>\n<\/figure>\n\n\n\n<h4 class=\"wp-block-heading\">A tecnologia como aliada da agroecologia<\/h4>\n\n\n\n<p>Outro debate levantado no encontro, que vem sendo pautado pelo projeto, \u00e9 sobre a cultura do registro na agricultura familiar agroecol\u00f3gica. Em geral, agricultores e agricultoras familiares n\u00e3o t\u00eam o h\u00e1bito de registrar suas atividades de forma escrita e compartilh\u00e1vel. Este cen\u00e1rio torna ainda mais desafiadora a tarefa de medir a produ\u00e7\u00e3o agroecol\u00f3gica, por exemplo, que \u00e9 um dos indicadores elencados na pesquisa-a\u00e7\u00e3o. Por outro lado, a pr\u00f3pria pesquisa-a\u00e7\u00e3o tem instigado este h\u00e1bito nas fam\u00edlias participantes, com a ajuda do aplicativo&nbsp;<a href=\"https:\/\/www.litefarm.org\/pt\" target=\"_blank\" rel=\"noreferrer noopener\"><strong>LiteFarm<\/strong><\/a>.<\/p>\n\n\n\n<p>O aplicativo, voltado para a gest\u00e3o das unidades agr\u00edcolas, est\u00e1 sendo co-desenvolvido pelo Comit\u00ea Gestor do projeto e tem demonstrado como a tecnologia pode ser uma aliada na promo\u00e7\u00e3o da agroecologia. Com o apoio das organiza\u00e7\u00f5es, cada agricultor\/a&nbsp;<a href=\"https:\/\/app.litefarm.org\/\" target=\"_blank\" rel=\"noreferrer noopener\"><strong>cria uma conta no LiteFarm<\/strong><\/a>, registra o mapa de sua propriedade e, a partir disso, come\u00e7a a inserir dados sobre plantio e semeadura, aplica\u00e7\u00e3o de insumos, rotinas de trabalho, colheitas, entre outras informa\u00e7\u00f5es.<\/p>\n\n\n\n<p>Segundo Humberto Morales Fuentes, do Centro Campesino para el Desarrollo Sustentable, do M\u00e9xico, essa tem sido um experi\u00eancia muito interessante \u201cporque o produtor, que antes n\u00e3o conseguia sistematizar ou organizar suas atividades, aprendeu com a plataforma a manter ordem em suas tarefas. O simples fato de o produtor ver sua parcela no mapa digital, faz com que ele se sinta inclu\u00eddo nesse mundo, o mundo digital. Isso, ent\u00e3o, gera uma melhora na autoestima dele. Al\u00e9m disso, a plataforma trouxe benef\u00edcios, como ajud\u00e1-lo a organizar seus gastos e entender melhor quanto ele ganha com a venda de suas colheitas. Tamb\u00e9m o ensina a calcular quanto tempo sua fam\u00edlia investe trabalhando na unidade produtiva, incluindo o tempo que filhos, netos ou sobrinhos dedicam ao trabalho na parcela \u2013 algo que ele antes n\u00e3o sabia\u201d.<\/p>\n\n\n\n<h4 class=\"wp-block-heading\">Pol\u00edtica e Governan\u00e7a de Dados<\/h4>\n\n\n\n<p>Outro momento importante do encontro foi a oficina sobre Pol\u00edtica e Governan\u00e7a de Dados, ministrada pela Professora da Universidade da Col\u00fambia Brit\u00e2nica, Dra. Hannah Wittman, que vem coordenando a pesquisa-a\u00e7\u00e3o junto ao Comit\u00ea Gestor. A oficina abordou os desafios t\u00e9cnicos relacionados \u00e0 gest\u00e3o de dados, incluindo quest\u00f5es \u00e9ticas sobre a coleta, uso e compartilhamento das informa\u00e7\u00f5es. Durante a atividade, as organiza\u00e7\u00f5es que ainda n\u00e3o possu\u00edam uma pol\u00edtica de governan\u00e7a de dados puderam come\u00e7ar a elabor\u00e1-la, al\u00e9m de trocar percep\u00e7\u00f5es e experi\u00eancias sobre o tema.<\/p>\n\n\n\n<figure class=\"wp-block-gallery has-nested-images columns-default is-cropped wp-block-gallery-4 is-layout-flex wp-block-gallery-is-layout-flex\">\n<figure data-wp-context=\"{&quot;imageId&quot;:&quot;69f262bf0ada4&quot;}\" data-wp-interactive=\"core\/image\" data-wp-key=\"69f262bf0ada4\" class=\"wp-block-image size-large wp-lightbox-container\"><img loading=\"lazy\" decoding=\"async\" width=\"1024\" height=\"664\" data-wp-class--hide=\"state.isContentHidden\" data-wp-class--show=\"state.isContentVisible\" data-wp-init=\"callbacks.setButtonStyles\" data-wp-on--click=\"actions.showLightbox\" data-wp-on--load=\"callbacks.setButtonStyles\" data-wp-on-window--resize=\"callbacks.setButtonStyles\" data-id=\"5204\" src=\"https:\/\/www.cetap.org.br\/site\/wp-content\/uploads\/2024\/12\/2024-12-04-Encontro-LiteFarm-Paraguai-10-1024x664.jpg\" alt=\"\" class=\"wp-image-5204\" srcset=\"https:\/\/www.cetap.org.br\/site\/wp-content\/uploads\/2024\/12\/2024-12-04-Encontro-LiteFarm-Paraguai-10-1024x664.jpg 1024w, https:\/\/www.cetap.org.br\/site\/wp-content\/uploads\/2024\/12\/2024-12-04-Encontro-LiteFarm-Paraguai-10-300x194.jpg 300w, https:\/\/www.cetap.org.br\/site\/wp-content\/uploads\/2024\/12\/2024-12-04-Encontro-LiteFarm-Paraguai-10-768x498.jpg 768w, https:\/\/www.cetap.org.br\/site\/wp-content\/uploads\/2024\/12\/2024-12-04-Encontro-LiteFarm-Paraguai-10.jpg 1080w\" sizes=\"(max-width: 1024px) 100vw, 1024px\" \/><button\n\t\t\tclass=\"lightbox-trigger\"\n\t\t\ttype=\"button\"\n\t\t\taria-haspopup=\"dialog\"\n\t\t\taria-label=\"Ampliar\"\n\t\t\tdata-wp-init=\"callbacks.initTriggerButton\"\n\t\t\tdata-wp-on--click=\"actions.showLightbox\"\n\t\t\tdata-wp-style--right=\"state.imageButtonRight\"\n\t\t\tdata-wp-style--top=\"state.imageButtonTop\"\n\t\t>\n\t\t\t<svg xmlns=\"http:\/\/www.w3.org\/2000\/svg\" width=\"12\" height=\"12\" fill=\"none\" viewBox=\"0 0 12 12\">\n\t\t\t\t<path fill=\"#fff\" d=\"M2 0a2 2 0 0 0-2 2v2h1.5V2a.5.5 0 0 1 .5-.5h2V0H2Zm2 10.5H2a.5.5 0 0 1-.5-.5V8H0v2a2 2 0 0 0 2 2h2v-1.5ZM8 12v-1.5h2a.5.5 0 0 0 .5-.5V8H12v2a2 2 0 0 1-2 2H8Zm2-12a2 2 0 0 1 2 2v2h-1.5V2a.5.5 0 0 0-.5-.5H8V0h2Z\" \/>\n\t\t\t<\/svg>\n\t\t<\/button><\/figure>\n\n\n\n<figure data-wp-context=\"{&quot;imageId&quot;:&quot;69f262bf0b88e&quot;}\" data-wp-interactive=\"core\/image\" data-wp-key=\"69f262bf0b88e\" class=\"wp-block-image size-large wp-lightbox-container\"><img loading=\"lazy\" decoding=\"async\" width=\"1024\" height=\"664\" data-wp-class--hide=\"state.isContentHidden\" data-wp-class--show=\"state.isContentVisible\" data-wp-init=\"callbacks.setButtonStyles\" data-wp-on--click=\"actions.showLightbox\" data-wp-on--load=\"callbacks.setButtonStyles\" data-wp-on-window--resize=\"callbacks.setButtonStyles\" data-id=\"5203\" src=\"https:\/\/www.cetap.org.br\/site\/wp-content\/uploads\/2024\/12\/2024-12-04-Encontro-LiteFarm-Paraguai-09-1024x664.jpg\" alt=\"\" class=\"wp-image-5203\" srcset=\"https:\/\/www.cetap.org.br\/site\/wp-content\/uploads\/2024\/12\/2024-12-04-Encontro-LiteFarm-Paraguai-09-1024x664.jpg 1024w, https:\/\/www.cetap.org.br\/site\/wp-content\/uploads\/2024\/12\/2024-12-04-Encontro-LiteFarm-Paraguai-09-300x194.jpg 300w, https:\/\/www.cetap.org.br\/site\/wp-content\/uploads\/2024\/12\/2024-12-04-Encontro-LiteFarm-Paraguai-09-768x498.jpg 768w, https:\/\/www.cetap.org.br\/site\/wp-content\/uploads\/2024\/12\/2024-12-04-Encontro-LiteFarm-Paraguai-09.jpg 1080w\" sizes=\"(max-width: 1024px) 100vw, 1024px\" \/><button\n\t\t\tclass=\"lightbox-trigger\"\n\t\t\ttype=\"button\"\n\t\t\taria-haspopup=\"dialog\"\n\t\t\taria-label=\"Ampliar\"\n\t\t\tdata-wp-init=\"callbacks.initTriggerButton\"\n\t\t\tdata-wp-on--click=\"actions.showLightbox\"\n\t\t\tdata-wp-style--right=\"state.imageButtonRight\"\n\t\t\tdata-wp-style--top=\"state.imageButtonTop\"\n\t\t>\n\t\t\t<svg xmlns=\"http:\/\/www.w3.org\/2000\/svg\" width=\"12\" height=\"12\" fill=\"none\" viewBox=\"0 0 12 12\">\n\t\t\t\t<path fill=\"#fff\" d=\"M2 0a2 2 0 0 0-2 2v2h1.5V2a.5.5 0 0 1 .5-.5h2V0H2Zm2 10.5H2a.5.5 0 0 1-.5-.5V8H0v2a2 2 0 0 0 2 2h2v-1.5ZM8 12v-1.5h2a.5.5 0 0 0 .5-.5V8H12v2a2 2 0 0 1-2 2H8Zm2-12a2 2 0 0 1 2 2v2h-1.5V2a.5.5 0 0 0-.5-.5H8V0h2Z\" \/>\n\t\t\t<\/svg>\n\t\t<\/button><\/figure>\n\n\n\n<figure data-wp-context=\"{&quot;imageId&quot;:&quot;69f262bf0c162&quot;}\" data-wp-interactive=\"core\/image\" data-wp-key=\"69f262bf0c162\" class=\"wp-block-image size-large wp-lightbox-container\"><img loading=\"lazy\" decoding=\"async\" width=\"1024\" height=\"664\" data-wp-class--hide=\"state.isContentHidden\" data-wp-class--show=\"state.isContentVisible\" data-wp-init=\"callbacks.setButtonStyles\" data-wp-on--click=\"actions.showLightbox\" data-wp-on--load=\"callbacks.setButtonStyles\" data-wp-on-window--resize=\"callbacks.setButtonStyles\" data-id=\"5202\" src=\"https:\/\/www.cetap.org.br\/site\/wp-content\/uploads\/2024\/12\/2024-12-04-Encontro-LiteFarm-Paraguai-08-1024x664.jpg\" alt=\"\" class=\"wp-image-5202\" srcset=\"https:\/\/www.cetap.org.br\/site\/wp-content\/uploads\/2024\/12\/2024-12-04-Encontro-LiteFarm-Paraguai-08-1024x664.jpg 1024w, https:\/\/www.cetap.org.br\/site\/wp-content\/uploads\/2024\/12\/2024-12-04-Encontro-LiteFarm-Paraguai-08-300x194.jpg 300w, https:\/\/www.cetap.org.br\/site\/wp-content\/uploads\/2024\/12\/2024-12-04-Encontro-LiteFarm-Paraguai-08-768x498.jpg 768w, https:\/\/www.cetap.org.br\/site\/wp-content\/uploads\/2024\/12\/2024-12-04-Encontro-LiteFarm-Paraguai-08.jpg 1080w\" sizes=\"(max-width: 1024px) 100vw, 1024px\" \/><button\n\t\t\tclass=\"lightbox-trigger\"\n\t\t\ttype=\"button\"\n\t\t\taria-haspopup=\"dialog\"\n\t\t\taria-label=\"Ampliar\"\n\t\t\tdata-wp-init=\"callbacks.initTriggerButton\"\n\t\t\tdata-wp-on--click=\"actions.showLightbox\"\n\t\t\tdata-wp-style--right=\"state.imageButtonRight\"\n\t\t\tdata-wp-style--top=\"state.imageButtonTop\"\n\t\t>\n\t\t\t<svg xmlns=\"http:\/\/www.w3.org\/2000\/svg\" width=\"12\" height=\"12\" fill=\"none\" viewBox=\"0 0 12 12\">\n\t\t\t\t<path fill=\"#fff\" d=\"M2 0a2 2 0 0 0-2 2v2h1.5V2a.5.5 0 0 1 .5-.5h2V0H2Zm2 10.5H2a.5.5 0 0 1-.5-.5V8H0v2a2 2 0 0 0 2 2h2v-1.5ZM8 12v-1.5h2a.5.5 0 0 0 .5-.5V8H12v2a2 2 0 0 1-2 2H8Zm2-12a2 2 0 0 1 2 2v2h-1.5V2a.5.5 0 0 0-.5-.5H8V0h2Z\" \/>\n\t\t\t<\/svg>\n\t\t<\/button><\/figure>\n<\/figure>\n\n\n\n<h4 class=\"wp-block-heading\">Solo, a base da Agroecologia<\/h4>\n\n\n\n<p>Para al\u00e9m da pesquisa participativa, a iniciativa \u201cConstruindo Caminhos\u201d \u00e9 tamb\u00e9m um projeto de a\u00e7\u00e3o, com atividades de apoio, assist\u00eancia t\u00e9cnica e forma\u00e7\u00e3o para fam\u00edlias agricultoras. Um tema central, que tem sido amplamente trabalhado no \u00faltimo ano pelo Comit\u00ea Gestor do projeto, \u00e9 a sa\u00fade do solo. Por isso, uma das \u00faltimas atividades do encontro foi a realiza\u00e7\u00e3o de uma oficina dedicada a esse tema.<\/p>\n\n\n\n<p>A oficina partiu de um diagn\u00f3stico sobre a qualidade do solo nas propriedades agroecol\u00f3gicas mapeadas pelo projeto, feito em colabora\u00e7\u00e3o com as fam\u00edlias participantes, a partir do qual foram identificados erros, acertos e problemas relacionados ao manejo do solo. Entre os problemas encontrados, destacaram-se a acidez, a compacta\u00e7\u00e3o, a falta de \u00e1gua, a contamina\u00e7\u00e3o e o hist\u00f3rico de uso intensivo do solo sem o manejo adequado.<\/p>\n\n\n\n<p>Em seguida, as organiza\u00e7\u00f5es tra\u00e7aram estrat\u00e9gias coletivas a serem desenvolvidas nos territ\u00f3rios, em parceria com os agricultores\/as, para garantir solos mais f\u00e9rteis e resilientes no contexto latino-americano. Entre as estrat\u00e9gias apontadas pelo grupo, destacaram-se a promo\u00e7\u00e3o de pr\u00e1ticas agroecol\u00f3gicas, a cria\u00e7\u00e3o de programas de forma\u00e7\u00e3o t\u00e9cnica para os\/as agricultores\/as, a constru\u00e7\u00e3o de alian\u00e7as com a academia e a incid\u00eancia em&nbsp; pol\u00edticas p\u00fablicas de fomento. Al\u00e9m disso, enfatizou-se a import\u00e2ncia de conscientizar cada vez mais os agricultores e agricultoras sobre o estudo do solo e, respeitando o conhecimento que estes t\u00eam, ajud\u00e1-los a identificar as causas de seus problemas e como podem resolv\u00ea-los.<\/p>\n\n\n\n<figure data-wp-context=\"{&quot;imageId&quot;:&quot;69f262bf0cebf&quot;}\" data-wp-interactive=\"core\/image\" data-wp-key=\"69f262bf0cebf\" class=\"wp-block-image size-large wp-lightbox-container\"><img loading=\"lazy\" decoding=\"async\" width=\"1024\" height=\"360\" data-wp-class--hide=\"state.isContentHidden\" data-wp-class--show=\"state.isContentVisible\" data-wp-init=\"callbacks.setButtonStyles\" data-wp-on--click=\"actions.showLightbox\" data-wp-on--load=\"callbacks.setButtonStyles\" data-wp-on-window--resize=\"callbacks.setButtonStyles\" src=\"https:\/\/www.cetap.org.br\/site\/wp-content\/uploads\/2024\/12\/2024-12-04-Encontro-LiteFarm-Paraguai-16-1024x360.jpg\" alt=\"\" class=\"wp-image-5210\" srcset=\"https:\/\/www.cetap.org.br\/site\/wp-content\/uploads\/2024\/12\/2024-12-04-Encontro-LiteFarm-Paraguai-16-1024x360.jpg 1024w, https:\/\/www.cetap.org.br\/site\/wp-content\/uploads\/2024\/12\/2024-12-04-Encontro-LiteFarm-Paraguai-16-300x106.jpg 300w, https:\/\/www.cetap.org.br\/site\/wp-content\/uploads\/2024\/12\/2024-12-04-Encontro-LiteFarm-Paraguai-16-768x270.jpg 768w, https:\/\/www.cetap.org.br\/site\/wp-content\/uploads\/2024\/12\/2024-12-04-Encontro-LiteFarm-Paraguai-16.jpg 1080w\" sizes=\"(max-width: 1024px) 100vw, 1024px\" \/><button\n\t\t\tclass=\"lightbox-trigger\"\n\t\t\ttype=\"button\"\n\t\t\taria-haspopup=\"dialog\"\n\t\t\taria-label=\"Ampliar\"\n\t\t\tdata-wp-init=\"callbacks.initTriggerButton\"\n\t\t\tdata-wp-on--click=\"actions.showLightbox\"\n\t\t\tdata-wp-style--right=\"state.imageButtonRight\"\n\t\t\tdata-wp-style--top=\"state.imageButtonTop\"\n\t\t>\n\t\t\t<svg xmlns=\"http:\/\/www.w3.org\/2000\/svg\" width=\"12\" height=\"12\" fill=\"none\" viewBox=\"0 0 12 12\">\n\t\t\t\t<path fill=\"#fff\" d=\"M2 0a2 2 0 0 0-2 2v2h1.5V2a.5.5 0 0 1 .5-.5h2V0H2Zm2 10.5H2a.5.5 0 0 1-.5-.5V8H0v2a2 2 0 0 0 2 2h2v-1.5ZM8 12v-1.5h2a.5.5 0 0 0 .5-.5V8H12v2a2 2 0 0 1-2 2H8Zm2-12a2 2 0 0 1 2 2v2h-1.5V2a.5.5 0 0 0-.5-.5H8V0h2Z\" \/>\n\t\t\t<\/svg>\n\t\t<\/button><figcaption class=\"wp-element-caption\">X Congresso Latinoamericano de Agroecologia<\/figcaption><\/figure>\n\n\n\n<h4 class=\"wp-block-heading\">Rede Latino-americana de Agroecologia<\/h4>\n\n\n\n<p>A escolha do Paraguai como pa\u00eds-sede do 3\u00ba encontro do projeto \u201cAgroecologia na Am\u00e9rica Latina: Construindo Caminhos\u201d se deu, sobretudo, pelo fato de que, entre 23 e 25 de outubro, o pa\u00eds tamb\u00e9m foi palco do X Congresso Latinoamericano de Agroecologia. O Comit\u00ea Gestor do projeto participou coletivamente do evento, apresentando trabalhos acad\u00eamicos, relatos de experi\u00eancia e realizando oficinas tem\u00e1ticas. Al\u00e9m disso, os encontros presenciais representam sempre uma oportunidade de conhecer o trabalho de uma das organiza\u00e7\u00f5es do Comit\u00ea Gestor. Desta vez, a anfitri\u00e3 foi a&nbsp;<a href=\"https:\/\/ecoagro.org.py\/\" target=\"_blank\" rel=\"noreferrer noopener\"><strong>Asociaci\u00f3n de Productores Org\u00e1nicos (APRO)<\/strong><\/a>.<\/p>\n\n\n\n<p>A APRO foi constitu\u00edda em 1999 com o objetivo de buscar canais de comercializa\u00e7\u00e3o prop\u00edcios para seus associados, que atualmente somam mais de 300 produtores e produtoras org\u00e2nicas. S\u00f3cio-fundador da APRO, Genaro Ferreira Piris, explica que a associa\u00e7\u00e3o decidiu incorporar-se no projeto \u201cConstruindo Caminhos\u201d porque queria \u201cprovar e demonstrar que a agroecologia \u00e9 rent\u00e1vel. Ou seja, com a agroecologia, n\u00e3o se ganha apenas de forma econ\u00f4mica, mas tamb\u00e9m no aspecto ambiental, social e cultural [\u2026] Somente demonstrando de forma quantitativa e qualitativa para as autoridades, elas se interessam, porque aqui no Paraguai precisamos fomentar mais a agroecologia. Por isso, nos interessa ter esses resultados, para demonstrar que com todo esse trabalho que est\u00e1 sendo feito h\u00e1 ganhos, ou seja, o bem viver\u201d.<\/p>\n\n\n\n<figure class=\"wp-block-gallery has-nested-images columns-default is-cropped wp-block-gallery-5 is-layout-flex wp-block-gallery-is-layout-flex\">\n<figure data-wp-context=\"{&quot;imageId&quot;:&quot;69f262bf0db7a&quot;}\" data-wp-interactive=\"core\/image\" data-wp-key=\"69f262bf0db7a\" class=\"wp-block-image size-large wp-lightbox-container\"><img loading=\"lazy\" decoding=\"async\" width=\"1024\" height=\"664\" data-wp-class--hide=\"state.isContentHidden\" data-wp-class--show=\"state.isContentVisible\" data-wp-init=\"callbacks.setButtonStyles\" data-wp-on--click=\"actions.showLightbox\" data-wp-on--load=\"callbacks.setButtonStyles\" data-wp-on-window--resize=\"callbacks.setButtonStyles\" data-id=\"5207\" src=\"https:\/\/www.cetap.org.br\/site\/wp-content\/uploads\/2024\/12\/2024-12-04-Encontro-LiteFarm-Paraguai-13-1024x664.jpg\" alt=\"\" class=\"wp-image-5207\" srcset=\"https:\/\/www.cetap.org.br\/site\/wp-content\/uploads\/2024\/12\/2024-12-04-Encontro-LiteFarm-Paraguai-13-1024x664.jpg 1024w, https:\/\/www.cetap.org.br\/site\/wp-content\/uploads\/2024\/12\/2024-12-04-Encontro-LiteFarm-Paraguai-13-300x194.jpg 300w, https:\/\/www.cetap.org.br\/site\/wp-content\/uploads\/2024\/12\/2024-12-04-Encontro-LiteFarm-Paraguai-13-768x498.jpg 768w, https:\/\/www.cetap.org.br\/site\/wp-content\/uploads\/2024\/12\/2024-12-04-Encontro-LiteFarm-Paraguai-13.jpg 1080w\" sizes=\"(max-width: 1024px) 100vw, 1024px\" \/><button\n\t\t\tclass=\"lightbox-trigger\"\n\t\t\ttype=\"button\"\n\t\t\taria-haspopup=\"dialog\"\n\t\t\taria-label=\"Ampliar\"\n\t\t\tdata-wp-init=\"callbacks.initTriggerButton\"\n\t\t\tdata-wp-on--click=\"actions.showLightbox\"\n\t\t\tdata-wp-style--right=\"state.imageButtonRight\"\n\t\t\tdata-wp-style--top=\"state.imageButtonTop\"\n\t\t>\n\t\t\t<svg xmlns=\"http:\/\/www.w3.org\/2000\/svg\" width=\"12\" height=\"12\" fill=\"none\" viewBox=\"0 0 12 12\">\n\t\t\t\t<path fill=\"#fff\" d=\"M2 0a2 2 0 0 0-2 2v2h1.5V2a.5.5 0 0 1 .5-.5h2V0H2Zm2 10.5H2a.5.5 0 0 1-.5-.5V8H0v2a2 2 0 0 0 2 2h2v-1.5ZM8 12v-1.5h2a.5.5 0 0 0 .5-.5V8H12v2a2 2 0 0 1-2 2H8Zm2-12a2 2 0 0 1 2 2v2h-1.5V2a.5.5 0 0 0-.5-.5H8V0h2Z\" \/>\n\t\t\t<\/svg>\n\t\t<\/button><\/figure>\n\n\n\n<figure data-wp-context=\"{&quot;imageId&quot;:&quot;69f262bf0e5b5&quot;}\" data-wp-interactive=\"core\/image\" data-wp-key=\"69f262bf0e5b5\" class=\"wp-block-image size-large wp-lightbox-container\"><img loading=\"lazy\" decoding=\"async\" width=\"1024\" height=\"664\" data-wp-class--hide=\"state.isContentHidden\" data-wp-class--show=\"state.isContentVisible\" data-wp-init=\"callbacks.setButtonStyles\" data-wp-on--click=\"actions.showLightbox\" data-wp-on--load=\"callbacks.setButtonStyles\" data-wp-on-window--resize=\"callbacks.setButtonStyles\" data-id=\"5195\" src=\"https:\/\/www.cetap.org.br\/site\/wp-content\/uploads\/2024\/12\/2024-12-04-Encontro-LiteFarm-Paraguai-01-1024x664.jpg\" alt=\"\" class=\"wp-image-5195\" srcset=\"https:\/\/www.cetap.org.br\/site\/wp-content\/uploads\/2024\/12\/2024-12-04-Encontro-LiteFarm-Paraguai-01-1024x664.jpg 1024w, https:\/\/www.cetap.org.br\/site\/wp-content\/uploads\/2024\/12\/2024-12-04-Encontro-LiteFarm-Paraguai-01-300x194.jpg 300w, https:\/\/www.cetap.org.br\/site\/wp-content\/uploads\/2024\/12\/2024-12-04-Encontro-LiteFarm-Paraguai-01-768x498.jpg 768w, https:\/\/www.cetap.org.br\/site\/wp-content\/uploads\/2024\/12\/2024-12-04-Encontro-LiteFarm-Paraguai-01.jpg 1080w\" sizes=\"(max-width: 1024px) 100vw, 1024px\" \/><button\n\t\t\tclass=\"lightbox-trigger\"\n\t\t\ttype=\"button\"\n\t\t\taria-haspopup=\"dialog\"\n\t\t\taria-label=\"Ampliar\"\n\t\t\tdata-wp-init=\"callbacks.initTriggerButton\"\n\t\t\tdata-wp-on--click=\"actions.showLightbox\"\n\t\t\tdata-wp-style--right=\"state.imageButtonRight\"\n\t\t\tdata-wp-style--top=\"state.imageButtonTop\"\n\t\t>\n\t\t\t<svg xmlns=\"http:\/\/www.w3.org\/2000\/svg\" width=\"12\" height=\"12\" fill=\"none\" viewBox=\"0 0 12 12\">\n\t\t\t\t<path fill=\"#fff\" d=\"M2 0a2 2 0 0 0-2 2v2h1.5V2a.5.5 0 0 1 .5-.5h2V0H2Zm2 10.5H2a.5.5 0 0 1-.5-.5V8H0v2a2 2 0 0 0 2 2h2v-1.5ZM8 12v-1.5h2a.5.5 0 0 0 .5-.5V8H12v2a2 2 0 0 1-2 2H8Zm2-12a2 2 0 0 1 2 2v2h-1.5V2a.5.5 0 0 0-.5-.5H8V0h2Z\" \/>\n\t\t\t<\/svg>\n\t\t<\/button><\/figure>\n<\/figure>\n\n\n\n<p>Genaro avaliou o encontro como \u201cum momento muito prop\u00edcio para aprender juntos, compartilhar nossas experi\u00eancias e enriquecer este grupo. J\u00e1 somos praticamente uma grande fam\u00edlia latino-americana e o nome que leva \u2013 construindo caminhos \u2013 acredito que \u00e9 muito adequado e oportuno. Estamos muito felizes por sermos um pa\u00eds receptor\u201d.<\/p>\n\n\n\n<p>Ao final dos cinco dias, o encontro refor\u00e7ou o compromisso das organiza\u00e7\u00f5es com a pesquisa participativa e a constru\u00e7\u00e3o de caminhos para um futuro mais sustent\u00e1vel e inclusivo para as comunidades agroecol\u00f3gicas. \u201cNossa metodologia partiu da a\u00e7\u00e3o e n\u00e3o da pesquisa. Partimos da necessidade que t\u00ednhamos como organiza\u00e7\u00f5es de base, como fam\u00edlias camponesas e agroecol\u00f3gicas, porque, no momento em que nos perguntavam se a agricultura \u00e9 vi\u00e1vel ou n\u00e3o, n\u00e3o t\u00ednhamos nada para mostrar. E agora somos parte de uma mesa nacional de indicadores com outros atores, onde apresentamos a metodologia, que \u00e9 participativa e que constru\u00edmos participativamente os indicadores. Colocamos esse tema em discuss\u00e3o nas reuni\u00f5es que temos com outros atores para ver se isso impacta as pol\u00edticas p\u00fablicas e o que talvez seja mais valorizado \u00e9 o fato de termos feito isso\u201d, avalia Rosa Murillo (meSSe).<\/p>\n\n\n\n<p>O Comit\u00ea Gestor do projeto&nbsp;<a href=\"https:\/\/cepagro.org.br\/?page_id=4105\" target=\"_blank\" rel=\"noreferrer noopener\"><strong>Agroecologia na Am\u00e9rica Latina: Construindo Caminhos<\/strong><\/a>&nbsp;\u00e9 composto por&nbsp;<a href=\"https:\/\/ecoagro.org.py\/\" target=\"_blank\" rel=\"noreferrer noopener\">Asociaci\u00f3n de Productores Org\u00e1nicos (APRO)<\/a>,&nbsp;<a href=\"https:\/\/www.vivamosmejor.org.gt\/sitio\/\" target=\"_blank\" rel=\"noreferrer noopener\">Asociaci\u00f3n Vivamos Mejor<\/a>, Centro Campesino para el Desarrollo Sustentable, A.C.,&nbsp;<a href=\"https:\/\/cepagro.org.br\/\" target=\"_blank\" rel=\"noreferrer noopener\">Centro de Estudos e Promo\u00e7\u00e3o da Agricultura de Grupo (Cepagro)<\/a>,&nbsp;<a href=\"https:\/\/www.cetap.org.br\/site\/\" target=\"_blank\" rel=\"noreferrer noopener\">Centro de Tecnologias Alternativas Populares (CETAP)<\/a>,&nbsp;<a href=\"https:\/\/corambiente.org\/\" target=\"_blank\" rel=\"noreferrer noopener\">Corporaci\u00f3n Buen Ambiente (Corambiente)<\/a>,&nbsp;<a href=\"https:\/\/fundesyram.info\/\" target=\"_blank\" rel=\"noreferrer noopener\">Fundesyram<\/a>,&nbsp;<a href=\"https:\/\/www.mecenasdavida.org.br\/bahia\/\" target=\"_blank\" rel=\"noreferrer noopener\">Movimento Mecenas da Vida (MMV)<\/a>, Movimiento de Econom\u00eda Social y Solidaria del Ecuador (meSSe) e Tijtoca Nemiliztli, A.C.. A iniciativa \u00e9 apoiada pela&nbsp;<a href=\"https:\/\/www.iaf.gov\/pt\/\" target=\"_blank\" rel=\"noreferrer noopener\">Funda\u00e7\u00e3o Interamericana (IAF)<\/a>&nbsp;e conta com a parceria da University of British Columbia (UBC), do Canad\u00e1.<\/p>\n\n\n\n<p>.<\/p>\n\n\n\n<p>Texto: Clara Comandolli (CEPAGRO)<br>Fotos: Clara Comandolli (CEPAGRO) e Larisse Cavalcante (LiteFarm)<br>Fonte: <a href=\"https:\/\/cepagro.org.br\/?p=18476\" target=\"_blank\" rel=\"noreferrer noopener\"><strong><em>Centro de Estudos e Promo\u00e7\u00e3o da Agricultura de Grupo (Cepagro)<\/em><\/strong><\/a><\/p>\n\n\n\n<p><\/p>\n","protected":false},"excerpt":{"rendered":"<p>Representantes de 12 organiza\u00e7\u00f5es de 9 pa\u00edses discutem avan\u00e7os e desafios da agroecologia no continente e refor\u00e7am compromisso com a pesquisa<\/p>\n","protected":false},"author":1,"featured_media":5195,"comment_status":"closed","ping_status":"closed","sticky":false,"template":"","format":"standard","meta":{"footnotes":""},"categories":[6],"tags":[],"class_list":["post-5193","post","type-post","status-publish","format-standard","has-post-thumbnail","hentry","category-noticias"],"_links":{"self":[{"href":"https:\/\/www.cetap.org.br\/site\/wp-json\/wp\/v2\/posts\/5193","targetHints":{"allow":["GET"]}}],"collection":[{"href":"https:\/\/www.cetap.org.br\/site\/wp-json\/wp\/v2\/posts"}],"about":[{"href":"https:\/\/www.cetap.org.br\/site\/wp-json\/wp\/v2\/types\/post"}],"author":[{"embeddable":true,"href":"https:\/\/www.cetap.org.br\/site\/wp-json\/wp\/v2\/users\/1"}],"replies":[{"embeddable":true,"href":"https:\/\/www.cetap.org.br\/site\/wp-json\/wp\/v2\/comments?post=5193"}],"version-history":[{"count":3,"href":"https:\/\/www.cetap.org.br\/site\/wp-json\/wp\/v2\/posts\/5193\/revisions"}],"predecessor-version":[{"id":5213,"href":"https:\/\/www.cetap.org.br\/site\/wp-json\/wp\/v2\/posts\/5193\/revisions\/5213"}],"wp:featuredmedia":[{"embeddable":true,"href":"https:\/\/www.cetap.org.br\/site\/wp-json\/wp\/v2\/media\/5195"}],"wp:attachment":[{"href":"https:\/\/www.cetap.org.br\/site\/wp-json\/wp\/v2\/media?parent=5193"}],"wp:term":[{"taxonomy":"category","embeddable":true,"href":"https:\/\/www.cetap.org.br\/site\/wp-json\/wp\/v2\/categories?post=5193"},{"taxonomy":"post_tag","embeddable":true,"href":"https:\/\/www.cetap.org.br\/site\/wp-json\/wp\/v2\/tags?post=5193"}],"curies":[{"name":"wp","href":"https:\/\/api.w.org\/{rel}","templated":true}]}}