{"id":4956,"date":"2024-06-06T11:57:00","date_gmt":"2024-06-06T14:57:00","guid":{"rendered":"https:\/\/www.cetap.org.br\/site\/?p=4956"},"modified":"2024-06-06T12:01:35","modified_gmt":"2024-06-06T15:01:35","slug":"seminario-promove-discussao-sobre-manejo-do-solo-e-producao-agroecologica-em-erval-grande","status":"publish","type":"post","link":"https:\/\/www.cetap.org.br\/site\/seminario-promove-discussao-sobre-manejo-do-solo-e-producao-agroecologica-em-erval-grande\/","title":{"rendered":"Semin\u00e1rio promove discuss\u00e3o sobre manejo do solo e produ\u00e7\u00e3o agroecol\u00f3gica em Erval Grande"},"content":{"rendered":"\n<p>No dia 29 de maio, na comunidade de Caruzo, localizada no munic\u00edpio de Erval Grande\/RS, aconteceu um semin\u00e1rio voltado ao manejo ecol\u00f3gico do solo e \u00e0 produ\u00e7\u00e3o agroecol\u00f3gica. Organizado pelo Sindicato Unificado dos Trabalhadores na Agricultura Familiar (SUTRAF), Centro de Apoio e Promo\u00e7\u00e3o da Agroecologia (CAPA) e Centro de Tecnologias Alternativas Populares (CETAP), o evento reuniu agricultores familiares da regi\u00e3o, interessados em discutir pr\u00e1ticas sustent\u00e1veis e a produ\u00e7\u00e3o de alimentos saud\u00e1veis.<\/p>\n\n\n\n<p>O semin\u00e1rio envolveu fam\u00edlias agricultoras dispostas a se engajar em di\u00e1logos sobre a transi\u00e7\u00e3o para a agroecologia e a sustentabilidade dos agroecossistemas. Os principais t\u00f3picos abordados inclu\u00edram a import\u00e2ncia do manejo ecol\u00f3gico do solo por meio da ado\u00e7\u00e3o de t\u00e9cnicas conservacionistas e a relev\u00e2ncia da produ\u00e7\u00e3o biodiversa de alimentos saud\u00e1veis. A iniciativa tamb\u00e9m buscou proporcionar um momento de forma\u00e7\u00e3o e capacita\u00e7\u00e3o, fortalecendo o conhecimento e as pr\u00e1ticas agroecol\u00f3gicas entre os participantes.<\/p>\n\n\n\n<p>Durante o evento, foram mapeadas fam\u00edlias que, no pr\u00f3ximo per\u00edodo, receber\u00e3o visitas para uma melhor compreens\u00e3o de suas realidades, visando o avan\u00e7o na produ\u00e7\u00e3o agroecol\u00f3gica. Al\u00e9m disso, est\u00e3o agendadas oficinas tem\u00e1ticas que ter\u00e3o como foco a transi\u00e7\u00e3o agroecol\u00f3gica, oferecendo aos agricultores ferramentas e conhecimentos para a ado\u00e7\u00e3o de pr\u00e1ticas mais sustent\u00e1veis.<\/p>\n\n\n\n<figure class=\"wp-block-image size-full\"><a href=\"https:\/\/www.cetap.org.br\/site\/wp-content\/uploads\/2024\/06\/290524-seminario-Erval-Grande-02.jpg\"><img fetchpriority=\"high\" decoding=\"async\" width=\"960\" height=\"374\" src=\"https:\/\/www.cetap.org.br\/site\/wp-content\/uploads\/2024\/06\/290524-seminario-Erval-Grande-02.jpg\" alt=\"\" class=\"wp-image-4958\" srcset=\"https:\/\/www.cetap.org.br\/site\/wp-content\/uploads\/2024\/06\/290524-seminario-Erval-Grande-02.jpg 960w, https:\/\/www.cetap.org.br\/site\/wp-content\/uploads\/2024\/06\/290524-seminario-Erval-Grande-02-300x117.jpg 300w, https:\/\/www.cetap.org.br\/site\/wp-content\/uploads\/2024\/06\/290524-seminario-Erval-Grande-02-768x299.jpg 768w\" sizes=\"(max-width: 960px) 100vw, 960px\" \/><\/a><figcaption class=\"wp-element-caption\"><em>Atividade busca incentivar a produ\u00e7\u00e3o agroecol\u00f3gica na regi\u00e3o<\/em><\/figcaption><\/figure>\n\n\n\n<p><\/p>\n\n\n\n<p>A agroecologia representa um conjunto de valores e princ\u00edpios que reconhecem e respeitam todas as formas de vida e o meio ambiente, se tornando mais que uma escolha como forma saud\u00e1vel de produ\u00e7\u00e3o de alimentos, mas uma necessidade para garantir sustentabilidade, justi\u00e7a social, soberania e seguran\u00e7a alimentar, al\u00e9m de ajudar na mitiga\u00e7\u00e3o dos efeitos das mudan\u00e7as clim\u00e1ticas.<\/p>\n\n\n\n<p>Este semin\u00e1rio integra as a\u00e7\u00f5es da Campanha \u201cSemeando Sa\u00fade: Agroecologia e Alimenta\u00e7\u00e3o Solid\u00e1ria\u201d, promovida pelo Projeto Consumidores e Agricultores em Rede, que une quatro organiza\u00e7\u00f5es do sul do Brasil: AS-PTA, Centro Vianei, Cepagro e CETAP. Buscando oferecer uma resposta coletiva a problemas coletivos, o projeto criou redes de apoio para estimular a produ\u00e7\u00e3o agroecol\u00f3gica, garantir o abastecimento das popula\u00e7\u00f5es urbanas com alimentos saud\u00e1veis e combater a fome.<\/p>\n","protected":false},"excerpt":{"rendered":"<p>No dia 29 de maio, em Erval Grande\/RS, aconteceu um semin\u00e1rio que reuniu agricultores familiares da regi\u00e3o interessados em discutir pr\u00e1ticas sustent\u00e1veis e a produ\u00e7\u00e3o de alimentos saud\u00e1veis.<\/p>\n","protected":false},"author":1,"featured_media":4957,"comment_status":"closed","ping_status":"closed","sticky":false,"template":"","format":"standard","meta":{"footnotes":""},"categories":[6],"tags":[],"class_list":["post-4956","post","type-post","status-publish","format-standard","has-post-thumbnail","hentry","category-noticias"],"_links":{"self":[{"href":"https:\/\/www.cetap.org.br\/site\/wp-json\/wp\/v2\/posts\/4956","targetHints":{"allow":["GET"]}}],"collection":[{"href":"https:\/\/www.cetap.org.br\/site\/wp-json\/wp\/v2\/posts"}],"about":[{"href":"https:\/\/www.cetap.org.br\/site\/wp-json\/wp\/v2\/types\/post"}],"author":[{"embeddable":true,"href":"https:\/\/www.cetap.org.br\/site\/wp-json\/wp\/v2\/users\/1"}],"replies":[{"embeddable":true,"href":"https:\/\/www.cetap.org.br\/site\/wp-json\/wp\/v2\/comments?post=4956"}],"version-history":[{"count":4,"href":"https:\/\/www.cetap.org.br\/site\/wp-json\/wp\/v2\/posts\/4956\/revisions"}],"predecessor-version":[{"id":4962,"href":"https:\/\/www.cetap.org.br\/site\/wp-json\/wp\/v2\/posts\/4956\/revisions\/4962"}],"wp:featuredmedia":[{"embeddable":true,"href":"https:\/\/www.cetap.org.br\/site\/wp-json\/wp\/v2\/media\/4957"}],"wp:attachment":[{"href":"https:\/\/www.cetap.org.br\/site\/wp-json\/wp\/v2\/media?parent=4956"}],"wp:term":[{"taxonomy":"category","embeddable":true,"href":"https:\/\/www.cetap.org.br\/site\/wp-json\/wp\/v2\/categories?post=4956"},{"taxonomy":"post_tag","embeddable":true,"href":"https:\/\/www.cetap.org.br\/site\/wp-json\/wp\/v2\/tags?post=4956"}],"curies":[{"name":"wp","href":"https:\/\/api.w.org\/{rel}","templated":true}]}}