{"id":3973,"date":"2023-04-11T09:08:06","date_gmt":"2023-04-11T12:08:06","guid":{"rendered":"https:\/\/www.cetap.org.br\/site\/?p=3973"},"modified":"2023-04-11T09:11:28","modified_gmt":"2023-04-11T12:11:28","slug":"curso-de-homeopatia-na-agricultura-e-ambiente-esta-com-inscricoes-abertas","status":"publish","type":"post","link":"https:\/\/www.cetap.org.br\/site\/curso-de-homeopatia-na-agricultura-e-ambiente-esta-com-inscricoes-abertas\/","title":{"rendered":"Curso de Homeopatia na Agricultura e Ambiente est\u00e1 com inscri\u00e7\u00f5es abertas"},"content":{"rendered":"\t\t<div data-elementor-type=\"wp-post\" data-elementor-id=\"3973\" class=\"elementor elementor-3973\" data-elementor-post-type=\"post\">\n\t\t\t\t\t\t<section class=\"elementor-section elementor-top-section elementor-element elementor-element-204c896e elementor-section-boxed elementor-section-height-default elementor-section-height-default\" data-id=\"204c896e\" data-element_type=\"section\" data-e-type=\"section\">\n\t\t\t\t\t\t<div class=\"elementor-container elementor-column-gap-default\">\n\t\t\t\t\t<div class=\"elementor-column elementor-col-100 elementor-top-column elementor-element elementor-element-57dffceb\" data-id=\"57dffceb\" data-element_type=\"column\" data-e-type=\"column\">\n\t\t\t<div class=\"elementor-widget-wrap elementor-element-populated\">\n\t\t\t\t\t\t<div class=\"elementor-element elementor-element-ed9f70a elementor-widget elementor-widget-text-editor\" data-id=\"ed9f70a\" data-element_type=\"widget\" data-e-type=\"widget\" data-widget_type=\"text-editor.default\">\n\t\t\t\t<div class=\"elementor-widget-container\">\n\t\t\t\t\t\t\t\t\t\n<p>Neste ano acontece a terceira edi\u00e7\u00e3o do Curso de Homeopatia voltado para o ambiente e a produ\u00e7\u00e3o agr\u00edcola, vegetal e animal, especialmente em propriedades da agricultura familiar. As aulas acontecer\u00e3o presencialmente na Universidade Federal da Fronteira Sul \u2013 UFFS Campus de Erechim, a cada tr\u00eas semanas, durante os meses de abril a novembro de 2023, totalizando 12 encontros.<\/p>\n\n<p>Diferente das outras duas edi\u00e7\u00f5es, que aconteceram no formato virtual, em fun\u00e7\u00e3o da pandemia, desta vez os encontros acontecer\u00e3o no formato presencial, reunindo os participantes na UFFS, em Erechim\/RS. A primeira aula ser\u00e1 no dia 27 de abril, uma quinta-feira. O dia da semana das demais aulas ser\u00e1 definido no in\u00edcio do curso, podendo ser \u00e0s ter\u00e7as, quartas ou quintas-feiras. O cronograma ser\u00e1 disponibilizado durante o primeiro encontro.<\/p>\n<p><strong>Entenda um pouco mais sobre a proposta do curso no v\u00eddeo de divulga\u00e7\u00e3o:<\/strong><\/p>\n\t\t\t\t\t\t\t\t<\/div>\n\t\t\t\t<\/div>\n\t\t\t\t\t<\/div>\n\t\t<\/div>\n\t\t\t\t\t<\/div>\n\t\t<\/section>\n\t\t\t\t<section class=\"elementor-section elementor-top-section elementor-element elementor-element-9138515 elementor-section-boxed elementor-section-height-default elementor-section-height-default\" data-id=\"9138515\" data-element_type=\"section\" data-e-type=\"section\">\n\t\t\t\t\t\t<div class=\"elementor-container elementor-column-gap-default\">\n\t\t\t\t\t<div class=\"elementor-column elementor-col-100 elementor-top-column elementor-element elementor-element-c61c2ad\" data-id=\"c61c2ad\" data-element_type=\"column\" data-e-type=\"column\">\n\t\t\t<div class=\"elementor-widget-wrap elementor-element-populated\">\n\t\t\t\t\t\t<div class=\"elementor-element elementor-element-e2d7124 elementor-widget elementor-widget-video\" data-id=\"e2d7124\" data-element_type=\"widget\" data-e-type=\"widget\" data-settings=\"{&quot;youtube_url&quot;:&quot;https:\\\/\\\/youtu.be\\\/e6LmkVi2Uz0&quot;,&quot;video_type&quot;:&quot;youtube&quot;,&quot;controls&quot;:&quot;yes&quot;}\" data-widget_type=\"video.default\">\n\t\t\t\t<div class=\"elementor-widget-container\">\n\t\t\t\t\t\t\t<div class=\"elementor-wrapper elementor-open-inline\">\n\t\t\t<div class=\"elementor-video\"><\/div>\t\t<\/div>\n\t\t\t\t\t\t<\/div>\n\t\t\t\t<\/div>\n\t\t\t\t\t<\/div>\n\t\t<\/div>\n\t\t\t\t\t<\/div>\n\t\t<\/section>\n\t\t\t\t<section class=\"elementor-section elementor-top-section elementor-element elementor-element-e68a462 elementor-section-boxed elementor-section-height-default elementor-section-height-default\" data-id=\"e68a462\" data-element_type=\"section\" data-e-type=\"section\">\n\t\t\t\t\t\t<div class=\"elementor-container elementor-column-gap-default\">\n\t\t\t\t\t<div class=\"elementor-column elementor-col-100 elementor-top-column elementor-element elementor-element-699a56d\" data-id=\"699a56d\" data-element_type=\"column\" data-e-type=\"column\">\n\t\t\t<div class=\"elementor-widget-wrap elementor-element-populated\">\n\t\t\t\t\t\t<div class=\"elementor-element elementor-element-0d3422b elementor-widget elementor-widget-text-editor\" data-id=\"0d3422b\" data-element_type=\"widget\" data-e-type=\"widget\" data-widget_type=\"text-editor.default\">\n\t\t\t\t<div class=\"elementor-widget-container\">\n\t\t\t\t\t\t\t\t\t<p>O curso n\u00e3o ter\u00e1 custo de matr\u00edcula e ser\u00e1 fornecido certificado de extens\u00e3o aos alunos que conclu\u00edrem as atividades propostas. O n\u00famero de vagas \u00e9 limitado e as inscri\u00e7\u00f5es podem ser feitas diretamente com as entidades organizadoras do curso:<\/p>\n<ul>\n<li>UFFS &#8211; Universidade Federal da Fronteira Sul &#8211; Campus Erechim\/RS (com Prof. Tarita)<\/li>\n<li>CAPA &#8211; Centro de Apoio e Promo\u00e7\u00e3o da Agroecologia (com Vitor)<\/li>\n<li>CETAP &#8211; Centro de Tecnologias Alternativas Populares (com Albenir)<\/li>\n<li>Cresol (com Silvano)<\/li>\n<li>MAB &#8211; Movimento dos Atingidos por Barragens (com Graziele)<\/li>\n<li>Sutraf Alto Uruguai (com Bagnara).<\/li>\n<\/ul>\t\t\t\t\t\t\t\t<\/div>\n\t\t\t\t<\/div>\n\t\t\t\t\t<\/div>\n\t\t<\/div>\n\t\t\t\t\t<\/div>\n\t\t<\/section>\n\t\t\t\t<\/div>\n\t\t","protected":false},"excerpt":{"rendered":"<p>Neste ano acontece a 3\u00aa edi\u00e7\u00e3o do Curso de Homeopatia voltado para o ambiente e a produ\u00e7\u00e3o agr\u00edcola, vegetal e animal, especialmente em propriedades da agricultura familiar. As aulas acontecer\u00e3o presencialmente na UFFS Campus de Erechim<\/p>\n","protected":false},"author":1,"featured_media":3974,"comment_status":"closed","ping_status":"closed","sticky":false,"template":"","format":"standard","meta":{"footnotes":""},"categories":[67],"tags":[],"class_list":["post-3973","post","type-post","status-publish","format-standard","has-post-thumbnail","hentry","category-video"],"_links":{"self":[{"href":"https:\/\/www.cetap.org.br\/site\/wp-json\/wp\/v2\/posts\/3973","targetHints":{"allow":["GET"]}}],"collection":[{"href":"https:\/\/www.cetap.org.br\/site\/wp-json\/wp\/v2\/posts"}],"about":[{"href":"https:\/\/www.cetap.org.br\/site\/wp-json\/wp\/v2\/types\/post"}],"author":[{"embeddable":true,"href":"https:\/\/www.cetap.org.br\/site\/wp-json\/wp\/v2\/users\/1"}],"replies":[{"embeddable":true,"href":"https:\/\/www.cetap.org.br\/site\/wp-json\/wp\/v2\/comments?post=3973"}],"version-history":[{"count":4,"href":"https:\/\/www.cetap.org.br\/site\/wp-json\/wp\/v2\/posts\/3973\/revisions"}],"predecessor-version":[{"id":3978,"href":"https:\/\/www.cetap.org.br\/site\/wp-json\/wp\/v2\/posts\/3973\/revisions\/3978"}],"wp:featuredmedia":[{"embeddable":true,"href":"https:\/\/www.cetap.org.br\/site\/wp-json\/wp\/v2\/media\/3974"}],"wp:attachment":[{"href":"https:\/\/www.cetap.org.br\/site\/wp-json\/wp\/v2\/media?parent=3973"}],"wp:term":[{"taxonomy":"category","embeddable":true,"href":"https:\/\/www.cetap.org.br\/site\/wp-json\/wp\/v2\/categories?post=3973"},{"taxonomy":"post_tag","embeddable":true,"href":"https:\/\/www.cetap.org.br\/site\/wp-json\/wp\/v2\/tags?post=3973"}],"curies":[{"name":"wp","href":"https:\/\/api.w.org\/{rel}","templated":true}]}}