{"id":3905,"date":"2023-03-27T09:21:40","date_gmt":"2023-03-27T12:21:40","guid":{"rendered":"https:\/\/www.cetap.org.br\/site\/?p=3905"},"modified":"2023-03-31T08:41:19","modified_gmt":"2023-03-31T11:41:19","slug":"1o-seminario-regional-de-homeopatia-na-agricultura-e-ambiente","status":"publish","type":"post","link":"https:\/\/www.cetap.org.br\/site\/1o-seminario-regional-de-homeopatia-na-agricultura-e-ambiente\/","title":{"rendered":"1\u00ba Semin\u00e1rio Regional de Homeopatia na Agricultura e Ambiente"},"content":{"rendered":"\t\t<div data-elementor-type=\"wp-post\" data-elementor-id=\"3905\" class=\"elementor elementor-3905\" data-elementor-post-type=\"post\">\n\t\t\t\t\t\t<section class=\"elementor-section elementor-top-section elementor-element elementor-element-4905e938 elementor-section-boxed elementor-section-height-default elementor-section-height-default\" data-id=\"4905e938\" data-element_type=\"section\" data-e-type=\"section\">\n\t\t\t\t\t\t<div class=\"elementor-container elementor-column-gap-default\">\n\t\t\t\t\t<div class=\"elementor-column elementor-col-100 elementor-top-column elementor-element elementor-element-72a79670\" data-id=\"72a79670\" data-element_type=\"column\" data-e-type=\"column\">\n\t\t\t<div class=\"elementor-widget-wrap elementor-element-populated\">\n\t\t\t\t\t\t<div class=\"elementor-element elementor-element-7fe72e69 elementor-widget elementor-widget-text-editor\" data-id=\"7fe72e69\" data-element_type=\"widget\" data-e-type=\"widget\" data-widget_type=\"text-editor.default\">\n\t\t\t\t<div class=\"elementor-widget-container\">\n\t\t\t\t\t\t\t\t\t<p><\/p>\n<p>Aconteceu no dia 23 de mar\u00e7o, em Erechim\/RS, o 1\u00ba Semin\u00e1rio Regional de Homeopatia na Agricultura e Ambiente. O evento reuniu 115 participantes, entre agricultoras e agricultores familiares, t\u00e9cnicos agr\u00edcolas, representantes de organiza\u00e7\u00f5es ligadas \u00e0 produ\u00e7\u00e3o de alimentos na regi\u00e3o, movimentos sociais, professores e acad\u00eamicos da Universidade Federal da Fronteira Sul.<\/p>\n<p><\/p>\n<p><\/p>\n<p>A abertura contou com representantes das organiza\u00e7\u00f5es promotoras do evento: o Centro de Apoio e Prote\u00e7\u00e3o da Agroecologia (CAPA), a Cresol, a Universidade Federal da Fronteira Sul (UFFS), o Movimento dos Atingidos por Barragens (MAB), o Centro de Tecnologias Alternativas Populares (CETAP) e a SUTRAF Alto Uruguai. Foi destacada a import\u00e2ncia de avan\u00e7ar em iniciativas como esta, que buscam ampliar o acesso aos conhecimentos da homeopatia popular, trocando experi\u00eancias de usos e contribuindo para a produ\u00e7\u00e3o de alimentos saud\u00e1veis, especialmente na produ\u00e7\u00e3o agroecol\u00f3gica.<\/p>\n<p><\/p>\n<p><\/p>\n<p>Na sequencia aconteceu a palestra Homeopatia Integrativa, ministrada por Pedro Boff, da Epagri de Lages\/SC. \u201cHomeopatia \u00e9 uma ci\u00eancia e tamb\u00e9m arte de cura, de forma r\u00e1pida, suave e duradoura, o que a torna um importante recurso terap\u00eautico onde o foco n\u00e3o \u00e9 a \u2018elimina\u00e7\u00e3o\u2019 da doen\u00e7a, mas o restabelecimento da sa\u00fade\u201d. Boff tamb\u00e9m fez um apanhado hist\u00f3rico sobre a evolu\u00e7\u00e3o da homeopatia, partindo dos estudos de Hahnemann (1796) e abordando os est\u00edmulos que provocam a rea\u00e7\u00e3o do organismo enfermo.<\/p>\n<p><\/p>\n<p><\/p>\n<p>A homeopatia \u00e9 uma especialidade reconhecida pelo Conselho Federal de Medicina desde 1980 e tamb\u00e9m uma das pr\u00e1ticas integrativas e complementares no SUS desde 2006, mas h\u00e1 uma luta de paradigmas e um conflito de interesses que interfere na sua ado\u00e7\u00e3o de forma mais ampla. Um dos aspectos importantes da homeopatia deve ser a dissemina\u00e7\u00e3o de conhecimentos, para que cada vez mais pessoas tenham acesso n\u00e3o s\u00f3 \u00e0 rica bibliografia sobre o tema, mas a cursos e encontros como este, entendendo seus princ\u00edpios e trocando experi\u00eancias sobre seus usos.<\/p>\n<p><\/p>\n<p><\/p>\n<p>O semin\u00e1rio contou ainda com apresenta\u00e7\u00f5es de 11 estudos de caso de alunas e alunos dos cursos de homeopatia, realizados na UFFS em 2020 e 2021. S\u00e3o estudos sobre o uso de homeopatia em plantas, animais e ambiente. Foi um importante momento de partilha e reafirma\u00e7\u00e3o do potencial da homeopatia tanto no aspecto da conserva\u00e7\u00e3o ambiental, como para a produ\u00e7\u00e3o de alimentos saud\u00e1veis.<\/p>\n<p><\/p>\n<p><\/p>\n<p>Uma nova turma do curso de Homeopatia na Agricultura e Ambiente vai iniciar as atividades no final do m\u00eas de abril. Segundo a professora Tarita Cira Deboni, coordenadora da capacita\u00e7\u00e3o, as aulas ser\u00e3o presencias, na UFFS \u2013 Campus Erechim\/RS, uma vez ao m\u00eas, com alguns encontros on-line. O curso terminar\u00e1 em novembro, quando os participantes dever\u00e3o apresentar estudos de caso sobre o tema. As inscri\u00e7\u00f5es est\u00e3o abertas e devem ser feitas nas organiza\u00e7\u00f5es promotoras do curso: UFFS, CAPA, CETAP, MAB, Cresol e SUTRAF-Alto Uruguai.<\/p>\n<p><\/p>\t\t\t\t\t\t\t\t<\/div>\n\t\t\t\t<\/div>\n\t\t\t\t\t<\/div>\n\t\t<\/div>\n\t\t\t\t\t<\/div>\n\t\t<\/section>\n\t\t\t\t<section class=\"elementor-section elementor-top-section elementor-element elementor-element-e1662d5 elementor-section-boxed elementor-section-height-default elementor-section-height-default\" data-id=\"e1662d5\" data-element_type=\"section\" data-e-type=\"section\">\n\t\t\t\t\t\t<div class=\"elementor-container elementor-column-gap-default\">\n\t\t\t\t\t<div class=\"elementor-column elementor-col-100 elementor-top-column elementor-element elementor-element-cdb0c72\" data-id=\"cdb0c72\" data-element_type=\"column\" data-e-type=\"column\">\n\t\t\t<div class=\"elementor-widget-wrap elementor-element-populated\">\n\t\t\t\t\t\t<div class=\"elementor-element elementor-element-a68c55c elementor-widget elementor-widget-gallery\" data-id=\"a68c55c\" data-element_type=\"widget\" data-e-type=\"widget\" data-settings=\"{&quot;columns&quot;:3,&quot;overlay_title&quot;:&quot;caption&quot;,&quot;lazyload&quot;:&quot;yes&quot;,&quot;gallery_layout&quot;:&quot;grid&quot;,&quot;columns_tablet&quot;:2,&quot;columns_mobile&quot;:1,&quot;gap&quot;:{&quot;unit&quot;:&quot;px&quot;,&quot;size&quot;:10,&quot;sizes&quot;:[]},&quot;gap_tablet&quot;:{&quot;unit&quot;:&quot;px&quot;,&quot;size&quot;:10,&quot;sizes&quot;:[]},&quot;gap_mobile&quot;:{&quot;unit&quot;:&quot;px&quot;,&quot;size&quot;:10,&quot;sizes&quot;:[]},&quot;link_to&quot;:&quot;file&quot;,&quot;aspect_ratio&quot;:&quot;3:2&quot;,&quot;overlay_background&quot;:&quot;yes&quot;,&quot;content_hover_animation&quot;:&quot;fade-in&quot;}\" data-widget_type=\"gallery.default\">\n\t\t\t\t<div class=\"elementor-widget-container\">\n\t\t\t\t\t\t\t<div class=\"elementor-gallery__container\">\n\t\t\t\t\t\t\t<a class=\"e-gallery-item elementor-gallery-item elementor-animated-content\" href=\"https:\/\/www.cetap.org.br\/site\/wp-content\/uploads\/2023\/03\/230323-Seminario-Reg-Homeopatia-Erechim-01.jpg\" data-elementor-open-lightbox=\"yes\" data-elementor-lightbox-slideshow=\"a68c55c\" data-elementor-lightbox-title=\"230323-Seminario-Reg-Homeopatia-Erechim-01\" data-e-action-hash=\"#elementor-action%3Aaction%3Dlightbox%26settings%3DeyJpZCI6MzkwNiwidXJsIjoiaHR0cHM6XC9cL3d3dy5jZXRhcC5vcmcuYnJcL3NpdGVcL3dwLWNvbnRlbnRcL3VwbG9hZHNcLzIwMjNcLzAzXC8yMzAzMjMtU2VtaW5hcmlvLVJlZy1Ib21lb3BhdGlhLUVyZWNoaW0tMDEuanBnIiwic2xpZGVzaG93IjoiYTY4YzU1YyJ9\">\n\t\t\t\t\t<div class=\"e-gallery-image elementor-gallery-item__image\" data-thumbnail=\"https:\/\/www.cetap.org.br\/site\/wp-content\/uploads\/2023\/03\/230323-Seminario-Reg-Homeopatia-Erechim-01-300x179.jpg\" data-width=\"300\" data-height=\"179\" aria-label=\"\" role=\"img\" ><\/div>\n\t\t\t\t\t\t\t\t\t\t\t<div class=\"elementor-gallery-item__overlay\"><\/div>\n\t\t\t\t\t\t\t\t\t\t\t\t\t\t\t<div class=\"elementor-gallery-item__content\">\n\t\t\t\t\t\t\t\t\t\t\t\t\t\t<div class=\"elementor-gallery-item__title\">\n\t\t\t\t\t\t\t\t\t\t\t\t\t\t\t\t\t\tMesa de abertura com organiza\u00e7\u00f5es promotoras\t\t\t\t\t\t\t\t<\/div>\n\t\t\t\t\t\t\t\t\t\t\t\t<\/div>\n\t\t\t\t\t\t\t\t\t<\/a>\n\t\t\t\t\t\t\t<a class=\"e-gallery-item elementor-gallery-item elementor-animated-content\" href=\"https:\/\/www.cetap.org.br\/site\/wp-content\/uploads\/2023\/03\/230323-Seminario-Reg-Homeopatia-Erechim-02.jpg\" data-elementor-open-lightbox=\"yes\" data-elementor-lightbox-slideshow=\"a68c55c\" data-elementor-lightbox-title=\"230323-Seminario-Reg-Homeopatia-Erechim-02\" data-e-action-hash=\"#elementor-action%3Aaction%3Dlightbox%26settings%3DeyJpZCI6MzkwNywidXJsIjoiaHR0cHM6XC9cL3d3dy5jZXRhcC5vcmcuYnJcL3NpdGVcL3dwLWNvbnRlbnRcL3VwbG9hZHNcLzIwMjNcLzAzXC8yMzAzMjMtU2VtaW5hcmlvLVJlZy1Ib21lb3BhdGlhLUVyZWNoaW0tMDIuanBnIiwic2xpZGVzaG93IjoiYTY4YzU1YyJ9\">\n\t\t\t\t\t<div class=\"e-gallery-image elementor-gallery-item__image\" data-thumbnail=\"https:\/\/www.cetap.org.br\/site\/wp-content\/uploads\/2023\/03\/230323-Seminario-Reg-Homeopatia-Erechim-02-300x198.jpg\" data-width=\"300\" data-height=\"198\" aria-label=\"\" role=\"img\" ><\/div>\n\t\t\t\t\t\t\t\t\t\t\t<div class=\"elementor-gallery-item__overlay\"><\/div>\n\t\t\t\t\t\t\t\t\t\t\t\t\t\t\t<div class=\"elementor-gallery-item__content\">\n\t\t\t\t\t\t\t\t\t\t\t\t\t\t<div class=\"elementor-gallery-item__title\">\n\t\t\t\t\t\t\t\t\t\t\t\t\t\t\t\t\t\tPedro Boff\t\t\t\t\t\t\t\t<\/div>\n\t\t\t\t\t\t\t\t\t\t\t\t<\/div>\n\t\t\t\t\t\t\t\t\t<\/a>\n\t\t\t\t\t\t\t<a class=\"e-gallery-item elementor-gallery-item elementor-animated-content\" href=\"https:\/\/www.cetap.org.br\/site\/wp-content\/uploads\/2023\/03\/230323-Seminario-Reg-Homeopatia-Erechim-03.jpg\" data-elementor-open-lightbox=\"yes\" data-elementor-lightbox-slideshow=\"a68c55c\" data-elementor-lightbox-title=\"230323-Seminario-Reg-Homeopatia-Erechim-03\" data-e-action-hash=\"#elementor-action%3Aaction%3Dlightbox%26settings%3DeyJpZCI6MzkwOCwidXJsIjoiaHR0cHM6XC9cL3d3dy5jZXRhcC5vcmcuYnJcL3NpdGVcL3dwLWNvbnRlbnRcL3VwbG9hZHNcLzIwMjNcLzAzXC8yMzAzMjMtU2VtaW5hcmlvLVJlZy1Ib21lb3BhdGlhLUVyZWNoaW0tMDMuanBnIiwic2xpZGVzaG93IjoiYTY4YzU1YyJ9\">\n\t\t\t\t\t<div class=\"e-gallery-image elementor-gallery-item__image\" data-thumbnail=\"https:\/\/www.cetap.org.br\/site\/wp-content\/uploads\/2023\/03\/230323-Seminario-Reg-Homeopatia-Erechim-03-300x185.jpg\" data-width=\"300\" data-height=\"185\" aria-label=\"\" role=\"img\" ><\/div>\n\t\t\t\t\t\t\t\t\t\t\t<div class=\"elementor-gallery-item__overlay\"><\/div>\n\t\t\t\t\t\t\t\t\t\t\t\t\t\t\t<div class=\"elementor-gallery-item__content\">\n\t\t\t\t\t\t\t\t\t\t\t\t\t\t<div class=\"elementor-gallery-item__title\">\n\t\t\t\t\t\t\t\t\t\t\t\t\t\t\t\t\t\tPalestra sobre Homeopatia Integrativa\t\t\t\t\t\t\t\t<\/div>\n\t\t\t\t\t\t\t\t\t\t\t\t<\/div>\n\t\t\t\t\t\t\t\t\t<\/a>\n\t\t\t\t\t\t\t<a class=\"e-gallery-item elementor-gallery-item elementor-animated-content\" href=\"https:\/\/www.cetap.org.br\/site\/wp-content\/uploads\/2023\/03\/230323-Seminario-Reg-Homeopatia-Erechim-04.jpg\" data-elementor-open-lightbox=\"yes\" data-elementor-lightbox-slideshow=\"a68c55c\" data-elementor-lightbox-title=\"230323-Seminario-Reg-Homeopatia-Erechim-04\" data-e-action-hash=\"#elementor-action%3Aaction%3Dlightbox%26settings%3DeyJpZCI6MzkxMCwidXJsIjoiaHR0cHM6XC9cL3d3dy5jZXRhcC5vcmcuYnJcL3NpdGVcL3dwLWNvbnRlbnRcL3VwbG9hZHNcLzIwMjNcLzAzXC8yMzAzMjMtU2VtaW5hcmlvLVJlZy1Ib21lb3BhdGlhLUVyZWNoaW0tMDQuanBnIiwic2xpZGVzaG93IjoiYTY4YzU1YyJ9\">\n\t\t\t\t\t<div class=\"e-gallery-image elementor-gallery-item__image\" data-thumbnail=\"https:\/\/www.cetap.org.br\/site\/wp-content\/uploads\/2023\/03\/230323-Seminario-Reg-Homeopatia-Erechim-04-300x176.jpg\" data-width=\"300\" data-height=\"176\" aria-label=\"\" role=\"img\" ><\/div>\n\t\t\t\t\t\t\t\t\t\t\t<div class=\"elementor-gallery-item__overlay\"><\/div>\n\t\t\t\t\t\t\t\t\t\t\t\t\t\t\t<div class=\"elementor-gallery-item__content\">\n\t\t\t\t\t\t\t\t\t\t\t\t\t\t<div class=\"elementor-gallery-item__title\">\n\t\t\t\t\t\t\t\t\t\t\t\t\t\t\t\t\t\tApresenta\u00e7\u00e3o de experi\u00eancias\t\t\t\t\t\t\t\t<\/div>\n\t\t\t\t\t\t\t\t\t\t\t\t<\/div>\n\t\t\t\t\t\t\t\t\t<\/a>\n\t\t\t\t\t\t\t<a class=\"e-gallery-item elementor-gallery-item elementor-animated-content\" href=\"https:\/\/www.cetap.org.br\/site\/wp-content\/uploads\/2023\/03\/230323-Seminario-Reg-Homeopatia-Erechim-05.jpg\" data-elementor-open-lightbox=\"yes\" data-elementor-lightbox-slideshow=\"a68c55c\" data-elementor-lightbox-title=\"230323-Seminario-Reg-Homeopatia-Erechim-05\" data-e-action-hash=\"#elementor-action%3Aaction%3Dlightbox%26settings%3DeyJpZCI6MzkxMSwidXJsIjoiaHR0cHM6XC9cL3d3dy5jZXRhcC5vcmcuYnJcL3NpdGVcL3dwLWNvbnRlbnRcL3VwbG9hZHNcLzIwMjNcLzAzXC8yMzAzMjMtU2VtaW5hcmlvLVJlZy1Ib21lb3BhdGlhLUVyZWNoaW0tMDUuanBnIiwic2xpZGVzaG93IjoiYTY4YzU1YyJ9\">\n\t\t\t\t\t<div class=\"e-gallery-image elementor-gallery-item__image\" data-thumbnail=\"https:\/\/www.cetap.org.br\/site\/wp-content\/uploads\/2023\/03\/230323-Seminario-Reg-Homeopatia-Erechim-05-300x167.jpg\" data-width=\"300\" data-height=\"167\" aria-label=\"\" role=\"img\" ><\/div>\n\t\t\t\t\t\t\t\t\t\t\t<div class=\"elementor-gallery-item__overlay\"><\/div>\n\t\t\t\t\t\t\t\t\t\t\t\t\t\t\t<div class=\"elementor-gallery-item__content\">\n\t\t\t\t\t\t\t\t\t\t\t\t\t\t<div class=\"elementor-gallery-item__title\">\n\t\t\t\t\t\t\t\t\t\t\t\t\t\t\t\t\t\tApresenta\u00e7\u00e3o de experi\u00eancias\t\t\t\t\t\t\t\t<\/div>\n\t\t\t\t\t\t\t\t\t\t\t\t<\/div>\n\t\t\t\t\t\t\t\t\t<\/a>\n\t\t\t\t\t\t\t<a class=\"e-gallery-item elementor-gallery-item elementor-animated-content\" href=\"https:\/\/www.cetap.org.br\/site\/wp-content\/uploads\/2023\/03\/230323-Seminario-Reg-Homeopatia-Erechim-06.jpg\" data-elementor-open-lightbox=\"yes\" data-elementor-lightbox-slideshow=\"a68c55c\" data-elementor-lightbox-title=\"230323-Seminario-Reg-Homeopatia-Erechim-06\" data-e-action-hash=\"#elementor-action%3Aaction%3Dlightbox%26settings%3DeyJpZCI6MzkxMiwidXJsIjoiaHR0cHM6XC9cL3d3dy5jZXRhcC5vcmcuYnJcL3NpdGVcL3dwLWNvbnRlbnRcL3VwbG9hZHNcLzIwMjNcLzAzXC8yMzAzMjMtU2VtaW5hcmlvLVJlZy1Ib21lb3BhdGlhLUVyZWNoaW0tMDYuanBnIiwic2xpZGVzaG93IjoiYTY4YzU1YyJ9\">\n\t\t\t\t\t<div class=\"e-gallery-image elementor-gallery-item__image\" data-thumbnail=\"https:\/\/www.cetap.org.br\/site\/wp-content\/uploads\/2023\/03\/230323-Seminario-Reg-Homeopatia-Erechim-06-300x161.jpg\" data-width=\"300\" data-height=\"161\" aria-label=\"\" role=\"img\" ><\/div>\n\t\t\t\t\t\t\t\t\t\t\t<div class=\"elementor-gallery-item__overlay\"><\/div>\n\t\t\t\t\t\t\t\t\t\t\t\t\t\t\t<div class=\"elementor-gallery-item__content\">\n\t\t\t\t\t\t\t\t\t\t\t\t\t\t<div class=\"elementor-gallery-item__title\">\n\t\t\t\t\t\t\t\t\t\t\t\t\t\t\t\t\t\tApresenta\u00e7\u00e3o de experi\u00eancias\t\t\t\t\t\t\t\t<\/div>\n\t\t\t\t\t\t\t\t\t\t\t\t<\/div>\n\t\t\t\t\t\t\t\t\t<\/a>\n\t\t\t\t\t\t\t<a class=\"e-gallery-item elementor-gallery-item elementor-animated-content\" href=\"https:\/\/www.cetap.org.br\/site\/wp-content\/uploads\/2023\/03\/230323-Seminario-Reg-Homeopatia-Erechim-07.jpg\" data-elementor-open-lightbox=\"yes\" data-elementor-lightbox-slideshow=\"a68c55c\" data-elementor-lightbox-title=\"230323-Seminario-Reg-Homeopatia-Erechim-07\" data-e-action-hash=\"#elementor-action%3Aaction%3Dlightbox%26settings%3DeyJpZCI6MzkxMywidXJsIjoiaHR0cHM6XC9cL3d3dy5jZXRhcC5vcmcuYnJcL3NpdGVcL3dwLWNvbnRlbnRcL3VwbG9hZHNcLzIwMjNcLzAzXC8yMzAzMjMtU2VtaW5hcmlvLVJlZy1Ib21lb3BhdGlhLUVyZWNoaW0tMDcuanBnIiwic2xpZGVzaG93IjoiYTY4YzU1YyJ9\">\n\t\t\t\t\t<div class=\"e-gallery-image elementor-gallery-item__image\" data-thumbnail=\"https:\/\/www.cetap.org.br\/site\/wp-content\/uploads\/2023\/03\/230323-Seminario-Reg-Homeopatia-Erechim-07-300x190.jpg\" data-width=\"300\" data-height=\"190\" aria-label=\"\" role=\"img\" ><\/div>\n\t\t\t\t\t\t\t\t\t\t\t<div class=\"elementor-gallery-item__overlay\"><\/div>\n\t\t\t\t\t\t\t\t\t\t\t\t\t\t\t<div class=\"elementor-gallery-item__content\">\n\t\t\t\t\t\t\t\t\t\t\t\t\t\t<div class=\"elementor-gallery-item__title\">\n\t\t\t\t\t\t\t\t\t\t\t\t\t\t\t\t\t\tEx-alunos do curso que apresentaram experi\u00eancias\t\t\t\t\t\t\t\t<\/div>\n\t\t\t\t\t\t\t\t\t\t\t\t<\/div>\n\t\t\t\t\t\t\t\t\t<\/a>\n\t\t\t\t\t\t\t<a class=\"e-gallery-item elementor-gallery-item elementor-animated-content\" href=\"https:\/\/www.cetap.org.br\/site\/wp-content\/uploads\/2023\/03\/230323-Seminario-Reg-Homeopatia-Erechim-08.jpg\" data-elementor-open-lightbox=\"yes\" data-elementor-lightbox-slideshow=\"a68c55c\" data-elementor-lightbox-title=\"230323-Seminario-Reg-Homeopatia-Erechim-08\" data-e-action-hash=\"#elementor-action%3Aaction%3Dlightbox%26settings%3DeyJpZCI6MzkxNCwidXJsIjoiaHR0cHM6XC9cL3d3dy5jZXRhcC5vcmcuYnJcL3NpdGVcL3dwLWNvbnRlbnRcL3VwbG9hZHNcLzIwMjNcLzAzXC8yMzAzMjMtU2VtaW5hcmlvLVJlZy1Ib21lb3BhdGlhLUVyZWNoaW0tMDguanBnIiwic2xpZGVzaG93IjoiYTY4YzU1YyJ9\">\n\t\t\t\t\t<div class=\"e-gallery-image elementor-gallery-item__image\" data-thumbnail=\"https:\/\/www.cetap.org.br\/site\/wp-content\/uploads\/2023\/03\/230323-Seminario-Reg-Homeopatia-Erechim-08-300x200.jpg\" data-width=\"300\" data-height=\"200\" aria-label=\"\" role=\"img\" ><\/div>\n\t\t\t\t\t\t\t\t\t\t\t<div class=\"elementor-gallery-item__overlay\"><\/div>\n\t\t\t\t\t\t\t\t\t\t\t\t\t\t\t<div class=\"elementor-gallery-item__content\">\n\t\t\t\t\t\t\t\t\t\t\t\t\t\t<div class=\"elementor-gallery-item__title\">\n\t\t\t\t\t\t\t\t\t\t\t\t\t\t\t\t\t\tProf. Alexandre\t\t\t\t\t\t\t\t<\/div>\n\t\t\t\t\t\t\t\t\t\t\t\t<\/div>\n\t\t\t\t\t\t\t\t\t<\/a>\n\t\t\t\t\t\t\t<a class=\"e-gallery-item elementor-gallery-item elementor-animated-content\" href=\"https:\/\/www.cetap.org.br\/site\/wp-content\/uploads\/2023\/03\/230323-Seminario-Reg-Homeopatia-Erechim_09.jpg\" data-elementor-open-lightbox=\"yes\" data-elementor-lightbox-slideshow=\"a68c55c\" data-elementor-lightbox-title=\"230323-Seminario-Reg-Homeopatia-Erechim_09\" data-e-action-hash=\"#elementor-action%3Aaction%3Dlightbox%26settings%3DeyJpZCI6MzkxNSwidXJsIjoiaHR0cHM6XC9cL3d3dy5jZXRhcC5vcmcuYnJcL3NpdGVcL3dwLWNvbnRlbnRcL3VwbG9hZHNcLzIwMjNcLzAzXC8yMzAzMjMtU2VtaW5hcmlvLVJlZy1Ib21lb3BhdGlhLUVyZWNoaW1fMDkuanBnIiwic2xpZGVzaG93IjoiYTY4YzU1YyJ9\">\n\t\t\t\t\t<div class=\"e-gallery-image elementor-gallery-item__image\" data-thumbnail=\"https:\/\/www.cetap.org.br\/site\/wp-content\/uploads\/2023\/03\/230323-Seminario-Reg-Homeopatia-Erechim_09-300x198.jpg\" data-width=\"300\" data-height=\"198\" aria-label=\"\" role=\"img\" ><\/div>\n\t\t\t\t\t\t\t\t\t\t\t<div class=\"elementor-gallery-item__overlay\"><\/div>\n\t\t\t\t\t\t\t\t\t\t\t\t\t\t\t<div class=\"elementor-gallery-item__content\">\n\t\t\t\t\t\t\t\t\t\t\t\t\t\t<div class=\"elementor-gallery-item__title\">\n\t\t\t\t\t\t\t\t\t\t\t\t\t\t\t\t\t\tAlbenir, Alexandre, Tarita, Pedro e Vitor\t\t\t\t\t\t\t\t<\/div>\n\t\t\t\t\t\t\t\t\t\t\t\t<\/div>\n\t\t\t\t\t\t\t\t\t<\/a>\n\t\t\t\t\t<\/div>\n\t\t\t\t\t<\/div>\n\t\t\t\t<\/div>\n\t\t\t\t\t<\/div>\n\t\t<\/div>\n\t\t\t\t\t<\/div>\n\t\t<\/section>\n\t\t\t\t<\/div>\n\t\t","protected":false},"excerpt":{"rendered":"<p>Evento em Erechim\/RS reuniu 115 participantes, entre agricultoras e agricultores familiares, t\u00e9cnicos agr\u00edcolas, representantes de organiza\u00e7\u00f5es ligadas \u00e0 produ\u00e7\u00e3o de alimentos na regi\u00e3o, movimentos sociais, professores e acad\u00eamicos da UFFS.<\/p>\n","protected":false},"author":1,"featured_media":3908,"comment_status":"closed","ping_status":"closed","sticky":false,"template":"","format":"standard","meta":{"footnotes":""},"categories":[6],"tags":[],"class_list":["post-3905","post","type-post","status-publish","format-standard","has-post-thumbnail","hentry","category-noticias"],"_links":{"self":[{"href":"https:\/\/www.cetap.org.br\/site\/wp-json\/wp\/v2\/posts\/3905","targetHints":{"allow":["GET"]}}],"collection":[{"href":"https:\/\/www.cetap.org.br\/site\/wp-json\/wp\/v2\/posts"}],"about":[{"href":"https:\/\/www.cetap.org.br\/site\/wp-json\/wp\/v2\/types\/post"}],"author":[{"embeddable":true,"href":"https:\/\/www.cetap.org.br\/site\/wp-json\/wp\/v2\/users\/1"}],"replies":[{"embeddable":true,"href":"https:\/\/www.cetap.org.br\/site\/wp-json\/wp\/v2\/comments?post=3905"}],"version-history":[{"count":16,"href":"https:\/\/www.cetap.org.br\/site\/wp-json\/wp\/v2\/posts\/3905\/revisions"}],"predecessor-version":[{"id":3954,"href":"https:\/\/www.cetap.org.br\/site\/wp-json\/wp\/v2\/posts\/3905\/revisions\/3954"}],"wp:featuredmedia":[{"embeddable":true,"href":"https:\/\/www.cetap.org.br\/site\/wp-json\/wp\/v2\/media\/3908"}],"wp:attachment":[{"href":"https:\/\/www.cetap.org.br\/site\/wp-json\/wp\/v2\/media?parent=3905"}],"wp:term":[{"taxonomy":"category","embeddable":true,"href":"https:\/\/www.cetap.org.br\/site\/wp-json\/wp\/v2\/categories?post=3905"},{"taxonomy":"post_tag","embeddable":true,"href":"https:\/\/www.cetap.org.br\/site\/wp-json\/wp\/v2\/tags?post=3905"}],"curies":[{"name":"wp","href":"https:\/\/api.w.org\/{rel}","templated":true}]}}