{"id":3887,"date":"2023-03-20T11:44:51","date_gmt":"2023-03-20T14:44:51","guid":{"rendered":"https:\/\/www.cetap.org.br\/site\/?p=3887"},"modified":"2023-03-22T09:24:35","modified_gmt":"2023-03-22T12:24:35","slug":"seminario-sobre-agroecologia-debate-o-manejo-de-solo-em-sao-valentim","status":"publish","type":"post","link":"https:\/\/www.cetap.org.br\/site\/seminario-sobre-agroecologia-debate-o-manejo-de-solo-em-sao-valentim\/","title":{"rendered":"Semin\u00e1rio sobre agroecologia debate o manejo de solo em S\u00e3o Valentim"},"content":{"rendered":"\t\t<div data-elementor-type=\"wp-post\" data-elementor-id=\"3887\" class=\"elementor elementor-3887\" data-elementor-post-type=\"post\">\n\t\t\t\t\t\t<section class=\"elementor-section elementor-top-section elementor-element elementor-element-2e72c068 elementor-section-boxed elementor-section-height-default elementor-section-height-default\" data-id=\"2e72c068\" data-element_type=\"section\" data-e-type=\"section\">\n\t\t\t\t\t\t<div class=\"elementor-container elementor-column-gap-default\">\n\t\t\t\t\t<div class=\"elementor-column elementor-col-100 elementor-top-column elementor-element elementor-element-2db56ca9\" data-id=\"2db56ca9\" data-element_type=\"column\" data-e-type=\"column\">\n\t\t\t<div class=\"elementor-widget-wrap elementor-element-populated\">\n\t\t\t\t\t\t<div class=\"elementor-element elementor-element-5a829aaa elementor-widget elementor-widget-text-editor\" data-id=\"5a829aaa\" data-element_type=\"widget\" data-e-type=\"widget\" data-widget_type=\"text-editor.default\">\n\t\t\t\t<div class=\"elementor-widget-container\">\n\t\t\t\t\t\t\t\t\t\n<p>No dia 16 de mar\u00e7o aconteceu o Semin\u00e1rio com o tema \u201cAgroecologia, manejo de solo e insumos biol\u00f3gicos\u201d, na Comunidade S\u00e3o Jo\u00e3o, em S\u00e3o Valentin\/RS. Participaram 45 agricultores familiares e representantes de entidades parceiras da produ\u00e7\u00e3o agroecol\u00f3gica na regi\u00e3o. O semin\u00e1rio foi organizado pelo CETAP e pela COOPERTEC, com o apoio da CRESOL.<\/p>\n\n\n\n<p>O objetivo foi oportunizar a forma\u00e7\u00e3o para agricultores e agricultoras familiares nos temas relacionados a agroecologia, aprofundando a import\u00e2ncia de mantermos um ambiente em equil\u00edbrio. Com uma vis\u00e3o sist\u00eamica, trabalhamos para garantir a qualidade nutricional do solo, na parte dos minerais, da mat\u00e9ria org\u00e2nica, da \u00e1gua e do ar. Isso em equil\u00edbrio possibilitar\u00e1 um resultado econ\u00f4mico satisfat\u00f3rio para as fam\u00edlias e um ganho ambiental importante para toda a sociedade.<\/p>\n\n\n\n<p>Segundo Ana Primavesi: \u201cum solo sadio, gera uma planta sadia e esta n\u00e3o ser\u00e1 atacada por pragas, pois na natureza, \u2018praga\u2019 \u00e9 um grande indicador de que naquele solo falta algo e, portanto, a planta n\u00e3o est\u00e1 bem nutrida\u201d. Uma planta sadia produz um alimento com maior qualidade e, por consequ\u00eancia, pessoas sadias.<\/p>\n\n\n\n<p>No semin\u00e1rio foi destacado que o solo responde de maneira diferenciada \u00e0s formas de manejo adotadas pelo ser humano, correspondendo com alta ou baixa produ\u00e7\u00e3o. Por isso, o uso de forma racional e sustent\u00e1vel, depende do conhecimento dos efeitos dos diferentes sistemas de manejo utilizados sobre aspectos determinantes da qualidade do solo e a redu\u00e7\u00e3o na degrada\u00e7\u00e3o das partes f\u00edsicas, qu\u00edmicas e biol\u00f3gicas.<\/p>\n\n\n\n<p>S\u00e3o nos detalhes que muitas vezes a gente compromete todo um sistema de produ\u00e7\u00e3o. A agroecologia requer o equil\u00edbrio entre todos os seres. Em muitos casos, a perman\u00eancia da fam\u00edlia na agroecologia requer frequ\u00eancia de participa\u00e7\u00e3o em atividade de forma\u00e7\u00e3o e qualifica\u00e7\u00e3o, al\u00e9m do acompanhamento t\u00e9cnico.<\/p>\n\t\t\t\t\t\t\t\t<\/div>\n\t\t\t\t<\/div>\n\t\t\t\t\t<\/div>\n\t\t<\/div>\n\t\t\t\t\t<\/div>\n\t\t<\/section>\n\t\t\t\t<section class=\"elementor-section elementor-top-section elementor-element elementor-element-070f347 elementor-section-boxed elementor-section-height-default elementor-section-height-default\" data-id=\"070f347\" data-element_type=\"section\" data-e-type=\"section\">\n\t\t\t\t\t\t<div class=\"elementor-container elementor-column-gap-default\">\n\t\t\t\t\t<div class=\"elementor-column elementor-col-100 elementor-top-column elementor-element elementor-element-cd4ea05\" data-id=\"cd4ea05\" data-element_type=\"column\" data-e-type=\"column\">\n\t\t\t<div class=\"elementor-widget-wrap elementor-element-populated\">\n\t\t\t\t\t\t<div class=\"elementor-element elementor-element-c60fcf5 elementor-widget elementor-widget-gallery\" data-id=\"c60fcf5\" data-element_type=\"widget\" data-e-type=\"widget\" data-settings=\"{&quot;columns&quot;:3,&quot;lazyload&quot;:&quot;yes&quot;,&quot;gallery_layout&quot;:&quot;grid&quot;,&quot;columns_tablet&quot;:2,&quot;columns_mobile&quot;:1,&quot;gap&quot;:{&quot;unit&quot;:&quot;px&quot;,&quot;size&quot;:10,&quot;sizes&quot;:[]},&quot;gap_tablet&quot;:{&quot;unit&quot;:&quot;px&quot;,&quot;size&quot;:10,&quot;sizes&quot;:[]},&quot;gap_mobile&quot;:{&quot;unit&quot;:&quot;px&quot;,&quot;size&quot;:10,&quot;sizes&quot;:[]},&quot;link_to&quot;:&quot;file&quot;,&quot;aspect_ratio&quot;:&quot;3:2&quot;,&quot;overlay_background&quot;:&quot;yes&quot;,&quot;content_hover_animation&quot;:&quot;fade-in&quot;}\" data-widget_type=\"gallery.default\">\n\t\t\t\t<div class=\"elementor-widget-container\">\n\t\t\t\t\t\t\t<div class=\"elementor-gallery__container\">\n\t\t\t\t\t\t\t<a class=\"e-gallery-item elementor-gallery-item elementor-animated-content\" href=\"https:\/\/www.cetap.org.br\/site\/wp-content\/uploads\/2023\/03\/200323-seminario-agroecologia-SaoValentim-1.jpg\" data-elementor-open-lightbox=\"yes\" data-elementor-lightbox-slideshow=\"c60fcf5\" data-elementor-lightbox-title=\"200323-seminario-agroecologia-SaoValentim-1\" data-e-action-hash=\"#elementor-action%3Aaction%3Dlightbox%26settings%3DeyJpZCI6Mzg5MiwidXJsIjoiaHR0cHM6XC9cL3d3dy5jZXRhcC5vcmcuYnJcL3NpdGVcL3dwLWNvbnRlbnRcL3VwbG9hZHNcLzIwMjNcLzAzXC8yMDAzMjMtc2VtaW5hcmlvLWFncm9lY29sb2dpYS1TYW9WYWxlbnRpbS0xLmpwZyIsInNsaWRlc2hvdyI6ImM2MGZjZjUifQ%3D%3D\">\n\t\t\t\t\t<div class=\"e-gallery-image elementor-gallery-item__image\" data-thumbnail=\"https:\/\/www.cetap.org.br\/site\/wp-content\/uploads\/2023\/03\/200323-seminario-agroecologia-SaoValentim-1-300x134.jpg\" data-width=\"300\" data-height=\"134\" aria-label=\"\" role=\"img\" ><\/div>\n\t\t\t\t\t\t\t\t\t\t\t<div class=\"elementor-gallery-item__overlay\"><\/div>\n\t\t\t\t\t\t\t\t\t\t\t\t\t\t<\/a>\n\t\t\t\t\t\t\t<a class=\"e-gallery-item elementor-gallery-item elementor-animated-content\" href=\"https:\/\/www.cetap.org.br\/site\/wp-content\/uploads\/2023\/03\/200323-seminario-agroecologia-SaoValentim-2.jpg\" data-elementor-open-lightbox=\"yes\" data-elementor-lightbox-slideshow=\"c60fcf5\" data-elementor-lightbox-title=\"200323-seminario-agroecologia-SaoValentim-2\" data-e-action-hash=\"#elementor-action%3Aaction%3Dlightbox%26settings%3DeyJpZCI6Mzg5MSwidXJsIjoiaHR0cHM6XC9cL3d3dy5jZXRhcC5vcmcuYnJcL3NpdGVcL3dwLWNvbnRlbnRcL3VwbG9hZHNcLzIwMjNcLzAzXC8yMDAzMjMtc2VtaW5hcmlvLWFncm9lY29sb2dpYS1TYW9WYWxlbnRpbS0yLmpwZyIsInNsaWRlc2hvdyI6ImM2MGZjZjUifQ%3D%3D\">\n\t\t\t\t\t<div class=\"e-gallery-image elementor-gallery-item__image\" data-thumbnail=\"https:\/\/www.cetap.org.br\/site\/wp-content\/uploads\/2023\/03\/200323-seminario-agroecologia-SaoValentim-2-300x137.jpg\" data-width=\"300\" data-height=\"137\" aria-label=\"\" role=\"img\" ><\/div>\n\t\t\t\t\t\t\t\t\t\t\t<div class=\"elementor-gallery-item__overlay\"><\/div>\n\t\t\t\t\t\t\t\t\t\t\t\t\t\t<\/a>\n\t\t\t\t\t\t\t<a class=\"e-gallery-item elementor-gallery-item elementor-animated-content\" href=\"https:\/\/www.cetap.org.br\/site\/wp-content\/uploads\/2023\/03\/200323-seminario-agroecologia-SaoValentim-3.jpg\" data-elementor-open-lightbox=\"yes\" data-elementor-lightbox-slideshow=\"c60fcf5\" data-elementor-lightbox-title=\"200323-seminario-agroecologia-SaoValentim-3\" data-e-action-hash=\"#elementor-action%3Aaction%3Dlightbox%26settings%3DeyJpZCI6Mzg5MCwidXJsIjoiaHR0cHM6XC9cL3d3dy5jZXRhcC5vcmcuYnJcL3NpdGVcL3dwLWNvbnRlbnRcL3VwbG9hZHNcLzIwMjNcLzAzXC8yMDAzMjMtc2VtaW5hcmlvLWFncm9lY29sb2dpYS1TYW9WYWxlbnRpbS0zLmpwZyIsInNsaWRlc2hvdyI6ImM2MGZjZjUifQ%3D%3D\">\n\t\t\t\t\t<div class=\"e-gallery-image elementor-gallery-item__image\" data-thumbnail=\"https:\/\/www.cetap.org.br\/site\/wp-content\/uploads\/2023\/03\/200323-seminario-agroecologia-SaoValentim-3-300x140.jpg\" data-width=\"300\" data-height=\"140\" aria-label=\"\" role=\"img\" ><\/div>\n\t\t\t\t\t\t\t\t\t\t\t<div class=\"elementor-gallery-item__overlay\"><\/div>\n\t\t\t\t\t\t\t\t\t\t\t\t\t\t<\/a>\n\t\t\t\t\t<\/div>\n\t\t\t\t\t<\/div>\n\t\t\t\t<\/div>\n\t\t\t\t\t<\/div>\n\t\t<\/div>\n\t\t\t\t\t<\/div>\n\t\t<\/section>\n\t\t\t\t<\/div>\n\t\t","protected":false},"excerpt":{"rendered":"<p>No dia 16 de mar\u00e7o aconteceu o Semin\u00e1rio com o tema \u201cAgroecologia, manejo de solo e insumos biol\u00f3gicos\u201d, na Comunidade S\u00e3o Jo\u00e3o, em S\u00e3o Valentin\/RS. Participaram 45 agricultores familiares e representantes de entidades parceiras<\/p>\n","protected":false},"author":1,"featured_media":3890,"comment_status":"closed","ping_status":"closed","sticky":false,"template":"","format":"standard","meta":{"footnotes":""},"categories":[6],"tags":[],"class_list":["post-3887","post","type-post","status-publish","format-standard","has-post-thumbnail","hentry","category-noticias"],"_links":{"self":[{"href":"https:\/\/www.cetap.org.br\/site\/wp-json\/wp\/v2\/posts\/3887","targetHints":{"allow":["GET"]}}],"collection":[{"href":"https:\/\/www.cetap.org.br\/site\/wp-json\/wp\/v2\/posts"}],"about":[{"href":"https:\/\/www.cetap.org.br\/site\/wp-json\/wp\/v2\/types\/post"}],"author":[{"embeddable":true,"href":"https:\/\/www.cetap.org.br\/site\/wp-json\/wp\/v2\/users\/1"}],"replies":[{"embeddable":true,"href":"https:\/\/www.cetap.org.br\/site\/wp-json\/wp\/v2\/comments?post=3887"}],"version-history":[{"count":5,"href":"https:\/\/www.cetap.org.br\/site\/wp-json\/wp\/v2\/posts\/3887\/revisions"}],"predecessor-version":[{"id":3896,"href":"https:\/\/www.cetap.org.br\/site\/wp-json\/wp\/v2\/posts\/3887\/revisions\/3896"}],"wp:featuredmedia":[{"embeddable":true,"href":"https:\/\/www.cetap.org.br\/site\/wp-json\/wp\/v2\/media\/3890"}],"wp:attachment":[{"href":"https:\/\/www.cetap.org.br\/site\/wp-json\/wp\/v2\/media?parent=3887"}],"wp:term":[{"taxonomy":"category","embeddable":true,"href":"https:\/\/www.cetap.org.br\/site\/wp-json\/wp\/v2\/categories?post=3887"},{"taxonomy":"post_tag","embeddable":true,"href":"https:\/\/www.cetap.org.br\/site\/wp-json\/wp\/v2\/tags?post=3887"}],"curies":[{"name":"wp","href":"https:\/\/api.w.org\/{rel}","templated":true}]}}