{"id":366,"date":"2017-06-26T13:59:44","date_gmt":"2017-06-26T16:59:44","guid":{"rendered":"http:\/\/www.cetap.org.br\/site\/?p=366"},"modified":"2017-06-27T14:47:53","modified_gmt":"2017-06-27T17:47:53","slug":"ii-workshop-alimentos-saudaveis-para-o-campo-e-a-cidade","status":"publish","type":"post","link":"https:\/\/www.cetap.org.br\/site\/ii-workshop-alimentos-saudaveis-para-o-campo-e-a-cidade\/","title":{"rendered":"II Workshop Alimentos Saud\u00e1veis para o campo e a cidade"},"content":{"rendered":"<p>Entre os dias 19 e 20 de junho, aconteceu o II Workshop Alimentos Saud\u00e1veis para o campo e a cidade, promovido pela UFRGS. O evento teve um car\u00e1ter suprainstitucional e buscou agregar as diversas vis\u00f5es e perspectivas de distintos atores comprometidos com a produ\u00e7\u00e3o e o consumo de alimentos saud\u00e1veis para o campo e a cidades.<\/p>\n<p>O audit\u00f3rio lotado recebeu convidados internacionais como Gianluca Brunori, professor na Universidade de Pisa (It\u00e1lia) e especialista da Comiss\u00e3o Europ\u00e9ia em pol\u00edticas de investiga\u00e7\u00e3o agr\u00edcola e Richard Nunes, docente na Universidade de Reading (Reino Unido) e pesquisador associado do Instituto Walker para Pesquisa de Sistemas Clim\u00e1ticos.<\/p>\n<p>Entre os convidados com atua\u00e7\u00e3o no territ\u00f3rio nacional, estiveram presentes Elcio de Souza Magalh\u00e3es, coordenador do Sistema Nacional de Seguran\u00e7a Alimentar e Nutricional no Minist\u00e9rio de Desenvolvimento Social e Combate a Fome (MDS); Paulo Petersen, coordenador-executivo da AS-PTA &#8211; Agricultura Familiar e Agroecologia e vice-presidente da Associa\u00e7\u00e3o Brasileira de Agroecologia (ABA); Heloisa Costa, docente do Departamento de Geografia da Universidade Federal de Minas Gerais (UFMG); Julia Guivant, professora de Sociologia e Ci\u00eancia Pol\u00edtica na Universidade Federal de Santa Catarina (UFSC); Christiane Araujo Costa, coordenadora de Seguran\u00e7a Alimentar e Nutricional do Instituto P\u00f3lis e membro da coordena\u00e7\u00e3o-executiva do F\u00f3rum Brasileiro de Soberania e Seguran\u00e7a Alimentar e Nutricional (FBSSAN) e do Conselho Nacional de Seguran\u00e7a Alimentar e Nutricional (CONSEA); e Vanuska Lima da Silva, \u00e9 professora do Curso de Nutri\u00e7\u00e3o da UFRGS e coordenadora do projeto \u201cBiodiversidade para a Alimenta\u00e7\u00e3o e Nutri\u00e7\u00e3o\u201d (BFN) na regi\u00e3o sul do Brasil.<\/p>\n<p>Destacam-se tamb\u00e9m a presen\u00e7a de Rosa Lia Barieri, pesquisadora da Empresa Brasileira de Pesquisa Agropecu\u00e1ria &#8211; Embrapa Clima Temperado (Pelotas, RS), Andr\u00e9 Camargo, coordenador do Territ\u00f3rio Fronteira Noroeste e do N\u00facleo Miss\u00f5es da Rede Ecovida de Agroecologia e de Certifica\u00e7\u00e3o Participativa; Alvir Longui, membro da equipe t\u00e9cnica do Centro de Tecnologias Alternativas Populares (CETAP), em Passo Fundo \u2013 RS e um dos coordenadores da Cadeia Solid\u00e1ria de Frutas Nativas e Ant\u00f4nio Santos, agricultor familiar agroecol\u00f3gico assentado, coordenador para Regi\u00e3o Sul do Brasil do Movimento Agroecol\u00f3gico Latino Americano e Caribe\/MAELA e l\u00edder do Conv\u00edvio Engenhos de Farinha e da Comunidade do Alimento Buti\u00e1 Sem Fronteiras Slow Food.<\/p>\n<p>As atividades foram organizadas pela Comiss\u00e3o Organizadora e Equipe da III AgUrb, um grupo de 18 organiza\u00e7\u00f5es vinculadas a UFRGS que seguir\u00e1 promovendo a\u00e7\u00f5es para debater e refletir sobre os desafios que uma sociedade urbanizada traz para a agricultura e alimenta\u00e7\u00e3o.<\/p>\n<p><span style=\"color: #808080;\"><em>Fonte:\u00a0<a style=\"color: #808080;\" href=\"https:\/\/www.ufrgs.br\/ascc\/\" target=\"_blank\">ufrgs.br\/ascc<\/a><\/em><\/span><\/p>\n<p>&nbsp;<\/p>\n<p>[FAG id=369]<\/p>\n<p>&nbsp;<\/p>\n<p><span style=\"color: #ffffff;\">_<\/span><\/p>\n","protected":false},"excerpt":{"rendered":"<p>Entre os dias 19 e 20 de junho, aconteceu o II Workshop Alimentos Saud\u00e1veis para o campo e a cidade, promovido pela UFRGS. O evento teve um car\u00e1ter suprainstitucional e buscou agregar as diversas vis\u00f5es e perspectivas de distintos atores comprometidos com a produ\u00e7\u00e3o e o consumo de alimentos saud\u00e1veis<\/p>\n","protected":false},"author":1,"featured_media":367,"comment_status":"closed","ping_status":"closed","sticky":false,"template":"","format":"standard","meta":{"footnotes":""},"categories":[6],"tags":[21,40,53],"class_list":["post-366","post","type-post","status-publish","format-standard","has-post-thumbnail","hentry","category-noticias","tag-alimento","tag-producao-ecologica","tag-ufrgs"],"_links":{"self":[{"href":"https:\/\/www.cetap.org.br\/site\/wp-json\/wp\/v2\/posts\/366","targetHints":{"allow":["GET"]}}],"collection":[{"href":"https:\/\/www.cetap.org.br\/site\/wp-json\/wp\/v2\/posts"}],"about":[{"href":"https:\/\/www.cetap.org.br\/site\/wp-json\/wp\/v2\/types\/post"}],"author":[{"embeddable":true,"href":"https:\/\/www.cetap.org.br\/site\/wp-json\/wp\/v2\/users\/1"}],"replies":[{"embeddable":true,"href":"https:\/\/www.cetap.org.br\/site\/wp-json\/wp\/v2\/comments?post=366"}],"version-history":[{"count":6,"href":"https:\/\/www.cetap.org.br\/site\/wp-json\/wp\/v2\/posts\/366\/revisions"}],"predecessor-version":[{"id":379,"href":"https:\/\/www.cetap.org.br\/site\/wp-json\/wp\/v2\/posts\/366\/revisions\/379"}],"wp:featuredmedia":[{"embeddable":true,"href":"https:\/\/www.cetap.org.br\/site\/wp-json\/wp\/v2\/media\/367"}],"wp:attachment":[{"href":"https:\/\/www.cetap.org.br\/site\/wp-json\/wp\/v2\/media?parent=366"}],"wp:term":[{"taxonomy":"category","embeddable":true,"href":"https:\/\/www.cetap.org.br\/site\/wp-json\/wp\/v2\/categories?post=366"},{"taxonomy":"post_tag","embeddable":true,"href":"https:\/\/www.cetap.org.br\/site\/wp-json\/wp\/v2\/tags?post=366"}],"curies":[{"name":"wp","href":"https:\/\/api.w.org\/{rel}","templated":true}]}}