{"id":3299,"date":"2022-08-23T17:30:00","date_gmt":"2022-08-23T20:30:00","guid":{"rendered":"https:\/\/www.cetap.org.br\/site\/?p=3299"},"modified":"2022-08-24T10:50:57","modified_gmt":"2022-08-24T13:50:57","slug":"o-direito-humano-a-alimentacao-e-a-base-para-a-dignidade-humana","status":"publish","type":"post","link":"https:\/\/www.cetap.org.br\/site\/o-direito-humano-a-alimentacao-e-a-base-para-a-dignidade-humana\/","title":{"rendered":"O direito humano \u00e0 alimenta\u00e7\u00e3o \u00e9 a base para a dignidade humana"},"content":{"rendered":"\t\t<div data-elementor-type=\"wp-post\" data-elementor-id=\"3299\" class=\"elementor elementor-3299\" data-elementor-post-type=\"post\">\n\t\t\t\t\t\t<section class=\"elementor-section elementor-top-section elementor-element elementor-element-5b36e58b elementor-section-boxed elementor-section-height-default elementor-section-height-default\" data-id=\"5b36e58b\" data-element_type=\"section\" data-e-type=\"section\">\n\t\t\t\t\t\t<div class=\"elementor-container elementor-column-gap-default\">\n\t\t\t\t\t<div class=\"elementor-column elementor-col-100 elementor-top-column elementor-element elementor-element-3837e811\" data-id=\"3837e811\" data-element_type=\"column\" data-e-type=\"column\">\n\t\t\t<div class=\"elementor-widget-wrap elementor-element-populated\">\n\t\t\t\t\t\t<div class=\"elementor-element elementor-element-13616d0f elementor-widget elementor-widget-text-editor\" data-id=\"13616d0f\" data-element_type=\"widget\" data-e-type=\"widget\" data-widget_type=\"text-editor.default\">\n\t\t\t\t<div class=\"elementor-widget-container\">\n\t\t\t\t\t\t\t\t\t\n<p>O CRAS \u00e9 respons\u00e1vel pela organiza\u00e7\u00e3o e oferta de servi\u00e7os da Prote\u00e7\u00e3o Social B\u00e1sica nas \u00e1reas de vulnerabilidade e risco social. Tem por objetivos a preven\u00e7\u00e3o de situa\u00e7\u00f5es de risco por meio do desenvolvimento de potencialidades, de aquisi\u00e7\u00f5es e do fortalecimento de v\u00ednculos familiares e comunit\u00e1rios.<\/p>\n\n\n\n<p>A partir de 2021, o CRAS Continente II, em Florian\u00f3polis\/SC, iniciou com as fam\u00edlias, em sua maioria imigrantes da Venezuela, a horta comunit\u00e1ria. Semanalmente eles se re\u00fanem em torno da horta para tecer o fortalecimento das rela\u00e7\u00f5es e, por conseguinte, a constru\u00e7\u00e3o de uma rede de prote\u00e7\u00e3o social. No espa\u00e7o antes ocioso, hoje 50 tipos de alimentos s\u00e3o produzidos na horta \u201cMadre Siembra\u201d.<\/p>\n\n\n\n<p>Uma quest\u00e3o de fundo importante da aproxima\u00e7\u00e3o com o CRAS partiu da inquieta\u00e7\u00e3o acerca da falta de acesso e do distanciamento da Agroecologia nas comunidades vulnerabilizadas. O CRAS Continente II tornou-se um espa\u00e7o de exerc\u00edcio de cidadania, de acolhimento e pertencimento ap\u00f3s o in\u00edcio das atividades de Agricultura Urbana, Agroecologia e Seguran\u00e7a Alimentar e Nutricional.<\/p>\n\t\t\t\t\t\t\t\t<\/div>\n\t\t\t\t<\/div>\n\t\t\t\t\t<\/div>\n\t\t<\/div>\n\t\t\t\t\t<\/div>\n\t\t<\/section>\n\t\t\t\t<section class=\"elementor-section elementor-top-section elementor-element elementor-element-9b8425c elementor-section-boxed elementor-section-height-default elementor-section-height-default\" data-id=\"9b8425c\" data-element_type=\"section\" data-e-type=\"section\">\n\t\t\t\t\t\t<div class=\"elementor-container elementor-column-gap-default\">\n\t\t\t\t\t<div class=\"elementor-column elementor-col-100 elementor-top-column elementor-element elementor-element-8ec3f49\" data-id=\"8ec3f49\" data-element_type=\"column\" data-e-type=\"column\">\n\t\t\t<div class=\"elementor-widget-wrap elementor-element-populated\">\n\t\t\t\t\t\t<div class=\"elementor-element elementor-element-ecca181 elementor-widget elementor-widget-video\" data-id=\"ecca181\" data-element_type=\"widget\" data-e-type=\"widget\" data-settings=\"{&quot;youtube_url&quot;:&quot;https:\\\/\\\/youtu.be\\\/hLnixMIBWpU&quot;,&quot;video_type&quot;:&quot;youtube&quot;,&quot;controls&quot;:&quot;yes&quot;}\" data-widget_type=\"video.default\">\n\t\t\t\t<div class=\"elementor-widget-container\">\n\t\t\t\t\t\t\t<div class=\"elementor-wrapper elementor-open-inline\">\n\t\t\t<div class=\"elementor-video\"><\/div>\t\t<\/div>\n\t\t\t\t\t\t<\/div>\n\t\t\t\t<\/div>\n\t\t\t\t\t<\/div>\n\t\t<\/div>\n\t\t\t\t\t<\/div>\n\t\t<\/section>\n\t\t\t\t<section class=\"elementor-section elementor-top-section elementor-element elementor-element-0b75277 elementor-section-boxed elementor-section-height-default elementor-section-height-default\" data-id=\"0b75277\" data-element_type=\"section\" data-e-type=\"section\">\n\t\t\t\t\t\t<div class=\"elementor-container elementor-column-gap-default\">\n\t\t\t\t\t<div class=\"elementor-column elementor-col-100 elementor-top-column elementor-element elementor-element-f0b1ac2\" data-id=\"f0b1ac2\" data-element_type=\"column\" data-e-type=\"column\">\n\t\t\t<div class=\"elementor-widget-wrap elementor-element-populated\">\n\t\t\t\t\t\t<div class=\"elementor-element elementor-element-d67eaaf elementor-align-center elementor-widget elementor-widget-button\" data-id=\"d67eaaf\" data-element_type=\"widget\" data-e-type=\"widget\" data-widget_type=\"button.default\">\n\t\t\t\t<div class=\"elementor-widget-container\">\n\t\t\t\t\t\t\t\t\t<div class=\"elementor-button-wrapper\">\n\t\t\t\t\t<a class=\"elementor-button elementor-button-link elementor-size-sm\" href=\"http:\/\/www.cetap.org.br\/site\/rede\/\">\n\t\t\t\t\t\t<span class=\"elementor-button-content-wrapper\">\n\t\t\t\t\t\t<span class=\"elementor-button-icon\">\n\t\t\t\t<i aria-hidden=\"true\" class=\"far fa-arrow-alt-circle-right\"><\/i>\t\t\t<\/span>\n\t\t\t\t\t\t\t\t\t<span class=\"elementor-button-text\">Conhe\u00e7a mais sobre o projeto Consumidores e Agricultores em Rede<\/span>\n\t\t\t\t\t<\/span>\n\t\t\t\t\t<\/a>\n\t\t\t\t<\/div>\n\t\t\t\t\t\t\t\t<\/div>\n\t\t\t\t<\/div>\n\t\t\t\t\t<\/div>\n\t\t<\/div>\n\t\t\t\t\t<\/div>\n\t\t<\/section>\n\t\t\t\t<section class=\"elementor-section elementor-top-section elementor-element elementor-element-1fe2a64 elementor-section-boxed elementor-section-height-default elementor-section-height-default\" data-id=\"1fe2a64\" data-element_type=\"section\" data-e-type=\"section\">\n\t\t\t\t\t\t<div class=\"elementor-container elementor-column-gap-default\">\n\t\t\t\t\t<div class=\"elementor-column elementor-col-100 elementor-top-column elementor-element elementor-element-26ae346\" data-id=\"26ae346\" data-element_type=\"column\" data-e-type=\"column\">\n\t\t\t<div class=\"elementor-widget-wrap elementor-element-populated\">\n\t\t\t\t\t\t<div class=\"elementor-element elementor-element-3ea0633 elementor-widget elementor-widget-text-editor\" data-id=\"3ea0633\" data-element_type=\"widget\" data-e-type=\"widget\" data-widget_type=\"text-editor.default\">\n\t\t\t\t<div class=\"elementor-widget-container\">\n\t\t\t\t\t\t\t\t\t<p>Constru\u00e7\u00e3o social dos mercados no Sul do Brasil: aproximando produtores e consumidores de alimentos agroecol\u00f3gicos<br \/>Realiza\u00e7\u00e3o: Cepagro, Centro Vianei, CETAP e AS-PTA<br \/>Apoio: Misereor<br \/>Roteiro e dire\u00e7\u00e3o: Marcelo S. Araujo<br \/>Produ\u00e7\u00e3o: MDA Comunica\u00e7\u00e3o Integrada<br \/>Coordena\u00e7\u00e3o: Clara Comandolli de Souza, Edson Jos\u00e9 Klein, F\u00e1bio Silva, Gisa Garcia, Nayme Pigozzi e Natal Jo\u00e3o Magnanti<\/p>\t\t\t\t\t\t\t\t<\/div>\n\t\t\t\t<\/div>\n\t\t\t\t\t<\/div>\n\t\t<\/div>\n\t\t\t\t\t<\/div>\n\t\t<\/section>\n\t\t\t\t<\/div>\n\t\t","protected":false},"excerpt":{"rendered":"<p>O CRAS \u00e9 respons\u00e1vel pela organiza\u00e7\u00e3o e oferta de servi\u00e7os da Prote\u00e7\u00e3o Social B\u00e1sica. Apresentamos como o CRAS pode tornar-se um espa\u00e7o de exerc\u00edcio de cidadania, de acolhimento e pertencimento ap\u00f3s o in\u00edcio de atividades de Agricultura Urbana.<\/p>\n","protected":false},"author":1,"featured_media":3300,"comment_status":"closed","ping_status":"closed","sticky":false,"template":"","format":"standard","meta":{"footnotes":""},"categories":[67],"tags":[],"class_list":["post-3299","post","type-post","status-publish","format-standard","has-post-thumbnail","hentry","category-video"],"_links":{"self":[{"href":"https:\/\/www.cetap.org.br\/site\/wp-json\/wp\/v2\/posts\/3299","targetHints":{"allow":["GET"]}}],"collection":[{"href":"https:\/\/www.cetap.org.br\/site\/wp-json\/wp\/v2\/posts"}],"about":[{"href":"https:\/\/www.cetap.org.br\/site\/wp-json\/wp\/v2\/types\/post"}],"author":[{"embeddable":true,"href":"https:\/\/www.cetap.org.br\/site\/wp-json\/wp\/v2\/users\/1"}],"replies":[{"embeddable":true,"href":"https:\/\/www.cetap.org.br\/site\/wp-json\/wp\/v2\/comments?post=3299"}],"version-history":[{"count":6,"href":"https:\/\/www.cetap.org.br\/site\/wp-json\/wp\/v2\/posts\/3299\/revisions"}],"predecessor-version":[{"id":3330,"href":"https:\/\/www.cetap.org.br\/site\/wp-json\/wp\/v2\/posts\/3299\/revisions\/3330"}],"wp:featuredmedia":[{"embeddable":true,"href":"https:\/\/www.cetap.org.br\/site\/wp-json\/wp\/v2\/media\/3300"}],"wp:attachment":[{"href":"https:\/\/www.cetap.org.br\/site\/wp-json\/wp\/v2\/media?parent=3299"}],"wp:term":[{"taxonomy":"category","embeddable":true,"href":"https:\/\/www.cetap.org.br\/site\/wp-json\/wp\/v2\/categories?post=3299"},{"taxonomy":"post_tag","embeddable":true,"href":"https:\/\/www.cetap.org.br\/site\/wp-json\/wp\/v2\/tags?post=3299"}],"curies":[{"name":"wp","href":"https:\/\/api.w.org\/{rel}","templated":true}]}}