{"id":276,"date":"2016-11-14T15:12:38","date_gmt":"2016-11-14T17:12:38","guid":{"rendered":"http:\/\/www.cetap.org.br\/site\/?p=276"},"modified":"2016-11-14T16:09:42","modified_gmt":"2016-11-14T18:09:42","slug":"oficina-sobre-producao-e-manejo-de-abelhas-nativas-sem-ferrao","status":"publish","type":"post","link":"https:\/\/www.cetap.org.br\/site\/oficina-sobre-producao-e-manejo-de-abelhas-nativas-sem-ferrao\/","title":{"rendered":"Oficina sobre produ\u00e7\u00e3o e manejo de abelhas nativas sem ferr\u00e3o"},"content":{"rendered":"<p>O Cetap realizou no dia 10 de novembro de 2016 uma oficina com agricultores(as) benefici\u00e1rios(as) da chamada p\u00fablica do ATER Agroecologia sobre produ\u00e7\u00e3o e manejo de abelhas nativas sem ferr\u00e3o, na propriedade de Evandro Cantelle, em Barr\u00e3o de Cotegipe\/RS.<\/p>\n<p>Inicialmente foram apresentadas as esp\u00e9cies de abelhas que o agricultor possui em sua propriedade, momento onde muitos participantes puderam identificar pela primeira vez alguns tipos de abelhas e suas fam\u00edlias Meliponas e Trigonas. Tamb\u00e9m foi poss\u00edvel identificar algumas diferen\u00e7as entre estas duas fam\u00edlias e as caracter\u00edsticas pr\u00f3prias de manejo entre elas.<\/p>\n<p>Na sequencia foi realizada uma atividade pr\u00e1tica de identifica\u00e7\u00e3o de esp\u00e9cies e tamb\u00e9m t\u00e9cnicas de multiplica\u00e7\u00e3o, como uma forma de amplia\u00e7\u00e3o de colmeias nas propriedades e na regi\u00e3o.<\/p>\n<p>Esta atividade faz parte de uma das a\u00e7\u00f5es que o Cetap vem realizando em conjunto com as fam\u00edlias agriculturas, que t\u00eam como interesse ou paix\u00e3o o trabalho com as abelhas sem ferr\u00e3o. Este trabalho busca identificar, recuperar e manejar estas esp\u00e9cies, com o intuito de preserva\u00e7\u00e3o e tamb\u00e9m conscientiza\u00e7\u00e3o da import\u00e2ncia das abelhas em nosso meio ambiente para produ\u00e7\u00e3o de alimentos.<\/p>\n<p>&nbsp;<\/p>\n<p>[FAG id=279]<\/p>\n","protected":false},"excerpt":{"rendered":"<p>O Cetap realizou no dia 10 de novembro de 2016 uma oficina com agricultores(as) benefici\u00e1rios(as) da chamada p\u00fablica do ATER Agroecologia sobre produ\u00e7\u00e3o e manejo de abelhas nativas sem ferr\u00e3o, na propriedade de Evandro Cantelle, em Barr\u00e3o de Cotegipe\/RS&#8230;<\/p>\n","protected":false},"author":1,"featured_media":277,"comment_status":"closed","ping_status":"closed","sticky":false,"template":"","format":"standard","meta":{"footnotes":""},"categories":[6],"tags":[44,21,45],"class_list":["post-276","post","type-post","status-publish","format-standard","has-post-thumbnail","hentry","category-noticias","tag-abelhas","tag-alimento","tag-ater"],"_links":{"self":[{"href":"https:\/\/www.cetap.org.br\/site\/wp-json\/wp\/v2\/posts\/276","targetHints":{"allow":["GET"]}}],"collection":[{"href":"https:\/\/www.cetap.org.br\/site\/wp-json\/wp\/v2\/posts"}],"about":[{"href":"https:\/\/www.cetap.org.br\/site\/wp-json\/wp\/v2\/types\/post"}],"author":[{"embeddable":true,"href":"https:\/\/www.cetap.org.br\/site\/wp-json\/wp\/v2\/users\/1"}],"replies":[{"embeddable":true,"href":"https:\/\/www.cetap.org.br\/site\/wp-json\/wp\/v2\/comments?post=276"}],"version-history":[{"count":3,"href":"https:\/\/www.cetap.org.br\/site\/wp-json\/wp\/v2\/posts\/276\/revisions"}],"predecessor-version":[{"id":286,"href":"https:\/\/www.cetap.org.br\/site\/wp-json\/wp\/v2\/posts\/276\/revisions\/286"}],"wp:featuredmedia":[{"embeddable":true,"href":"https:\/\/www.cetap.org.br\/site\/wp-json\/wp\/v2\/media\/277"}],"wp:attachment":[{"href":"https:\/\/www.cetap.org.br\/site\/wp-json\/wp\/v2\/media?parent=276"}],"wp:term":[{"taxonomy":"category","embeddable":true,"href":"https:\/\/www.cetap.org.br\/site\/wp-json\/wp\/v2\/categories?post=276"},{"taxonomy":"post_tag","embeddable":true,"href":"https:\/\/www.cetap.org.br\/site\/wp-json\/wp\/v2\/tags?post=276"}],"curies":[{"name":"wp","href":"https:\/\/api.w.org\/{rel}","templated":true}]}}