{"id":172,"date":"2016-02-16T17:48:21","date_gmt":"2016-02-16T19:48:21","guid":{"rendered":"http:\/\/www.cetap.org.br\/site\/?p=172"},"modified":"2016-02-16T17:50:09","modified_gmt":"2016-02-16T19:50:09","slug":"feira-ecologica-upf-realiza-primeira-edicao-no-dia-24-de-fevereiro","status":"publish","type":"post","link":"https:\/\/www.cetap.org.br\/site\/feira-ecologica-upf-realiza-primeira-edicao-no-dia-24-de-fevereiro\/","title":{"rendered":"Feira Ecol\u00f3gica UPF realiza primeira edi\u00e7\u00e3o no dia 24 de fevereiro"},"content":{"rendered":"<p>No dia\u00a024 de fevereiro acontece a primeira edi\u00e7\u00e3o da Feira Ecol\u00f3gica UPF em 2016. Constitu\u00edda pela comercializa\u00e7\u00e3o de artesanato e de alimentos livres de agrot\u00f3xicos produzidos por agricultores de Passo Fundo\/RS e da regi\u00e3o, a Feira acontece na rua em frente ao Centro de Conviv\u00eancia, Campus I da Universidade de Passo Fundo, das 11h \u00e0s 20h.<\/p>\n<p>Entre os produtos que estar\u00e3o dispon\u00edveis est\u00e3o: aipim; alface; amendoim; arroz; banana ecol\u00f3gica; barras de cereais; batata doce; batata doce assada; batata salsa; batata yacon; beterraba;\u00a0bolachas caseiras de milho, manteiga, amaranto; bolos de milho, laranja, goiabada, chocolate, nozes; br\u00f3colis; cenoura; cucas; p\u00e3o caseiro; milho verde, al\u00e9m de temperos, sucos e lanches.<\/p>\n","protected":false},"excerpt":{"rendered":"<p>No dia 24 de fevereiro acontece a primeira edi\u00e7\u00e3o da Feira Ecol\u00f3gica UPF em 2016. Constitu\u00edda pela comercializa\u00e7\u00e3o de artesanato e de alimentos livres de agrot\u00f3xicos produzidos por agricultores de Passo Fundo\/RS e da regi\u00e3o, a Feira acontece na rua em frente ao Centro de Conviv\u00eancia, Campus I da Universidade de Passo Fundo&#8230;<\/p>\n","protected":false},"author":1,"featured_media":173,"comment_status":"closed","ping_status":"closed","sticky":false,"template":"","format":"standard","meta":{"footnotes":""},"categories":[6],"tags":[23,8,25],"class_list":["post-172","post","type-post","status-publish","format-standard","has-post-thumbnail","hentry","category-noticias","tag-agroecologia","tag-feira","tag-upf"],"_links":{"self":[{"href":"https:\/\/www.cetap.org.br\/site\/wp-json\/wp\/v2\/posts\/172","targetHints":{"allow":["GET"]}}],"collection":[{"href":"https:\/\/www.cetap.org.br\/site\/wp-json\/wp\/v2\/posts"}],"about":[{"href":"https:\/\/www.cetap.org.br\/site\/wp-json\/wp\/v2\/types\/post"}],"author":[{"embeddable":true,"href":"https:\/\/www.cetap.org.br\/site\/wp-json\/wp\/v2\/users\/1"}],"replies":[{"embeddable":true,"href":"https:\/\/www.cetap.org.br\/site\/wp-json\/wp\/v2\/comments?post=172"}],"version-history":[{"count":2,"href":"https:\/\/www.cetap.org.br\/site\/wp-json\/wp\/v2\/posts\/172\/revisions"}],"predecessor-version":[{"id":175,"href":"https:\/\/www.cetap.org.br\/site\/wp-json\/wp\/v2\/posts\/172\/revisions\/175"}],"wp:featuredmedia":[{"embeddable":true,"href":"https:\/\/www.cetap.org.br\/site\/wp-json\/wp\/v2\/media\/173"}],"wp:attachment":[{"href":"https:\/\/www.cetap.org.br\/site\/wp-json\/wp\/v2\/media?parent=172"}],"wp:term":[{"taxonomy":"category","embeddable":true,"href":"https:\/\/www.cetap.org.br\/site\/wp-json\/wp\/v2\/categories?post=172"},{"taxonomy":"post_tag","embeddable":true,"href":"https:\/\/www.cetap.org.br\/site\/wp-json\/wp\/v2\/tags?post=172"}],"curies":[{"name":"wp","href":"https:\/\/api.w.org\/{rel}","templated":true}]}}