{"id":128,"date":"2015-12-02T18:38:39","date_gmt":"2015-12-02T20:38:39","guid":{"rendered":"http:\/\/www.cetap.org.br\/site\/?p=128"},"modified":"2015-12-07T01:07:50","modified_gmt":"2015-12-07T03:07:50","slug":"curso-sobre-abelhas-nativas-sem-ferrao","status":"publish","type":"post","link":"https:\/\/www.cetap.org.br\/site\/curso-sobre-abelhas-nativas-sem-ferrao\/","title":{"rendered":"Curso sobre abelhas nativas sem ferr\u00e3o"},"content":{"rendered":"<p>O curso sobre abelhas nativas sem ferr\u00e3o foi realizado no dia 28 de novembro de 2015, no munic\u00edpio de Tr\u00eas Arroios\/RS. A atividade reuniu 25 pessoas, entre agricultores, estudantes, t\u00e9cnicos agr\u00edcolas e outros profissionais que se identificam com este tema, tendo como objetivos sensibilizar os participantes sobre a import\u00e2ncia das abelhas no meio ambiente e principalmente fortalecer o trabalho de recupera\u00e7\u00e3o e multiplica\u00e7\u00e3o de abelhas sem ferr\u00e3o.<\/p>\n<p>Com dura\u00e7\u00e3o de um dia, o curso foi dividido em duas partes, uma te\u00f3rica e outra pr\u00e1tica. Na parte te\u00f3rica, realizada na Escola Estadual Nossa Senhora de Lourdes, durante a manh\u00e3, foram apresentadas as diferen\u00e7as entre \u00c1pis, Trigonas e Meliponas; debatida a import\u00e2ncia das abelhas para o ecossistema, como agente polinizador; e conhecidas as esp\u00e9cies de ASF nativas da nossa regi\u00e3o. Tamb\u00e9m foram explicadas t\u00e9cnicas de manejo, divis\u00e3o e captura de mel\u00edponas e trigonas, t\u00e9cnicas de auxilio na alimenta\u00e7\u00e3o de enxames novos oriundos de captura, divis\u00f5es e em per\u00edodos de car\u00eancias de florada, al\u00e9m de orienta\u00e7\u00f5es para reuso da cera para potencializar novos enxames e t\u00e9cnicas de colheita, pasteuriza\u00e7\u00e3o e conserva\u00e7\u00e3o do mel de ASF.<\/p>\n<p>Ap\u00f3s o almo\u00e7o, os participantes visitaram a propriedade de Adilson Jos\u00e9 Debastiani, para o trabalho pr\u00e1tico de reconhecimento de algumas esp\u00e9cies (Tubuna, Manda\u00e7aia, Manduri, Ira\u00ed, Jata\u00ed, guaraipo e Mirins) e as estruturas das colmeias. Tamb\u00e9m foi feita a transfer\u00eancia de enxames de caixas comuns e tocos para caixas padronizadas, abordando a divis\u00e3o\/multiplica\u00e7\u00e3o de enxames.<\/p>\n<p>&nbsp;<\/p>\n<p>[FAG id=131]<\/p>\n<p>&nbsp;<\/p>\n<p>&nbsp;<\/p>\n<p><span style=\"color: #808080; font-size: 12px;\"><em>Com contribui\u00e7\u00f5es de Edson Jos\u00e9 Klein<\/em><\/span><br \/>\n<span style=\"color: #808080; font-size: 12px;\"><em>CETAP \/ ECOTERRA &#8211; Associa\u00e7\u00e3o Regional de Coopera\u00e7\u00e3o e Agroecologia<\/em><\/span><\/p>\n","protected":false},"excerpt":{"rendered":"<p>O curso sobre abelhas nativas sem ferr\u00e3o foi realizado no dia 28 de novembro de 2015, no munic\u00edpio de Tr\u00eas Arroios\/RS. A atividade reuniu 25 pessoas, entre agricultores, estudantes, t\u00e9cnicos agr\u00edcolas e outros profissionais que se identificam com este tema, tendo como objetivos sensibilizar os participantes sobre a import\u00e2ncia das abelhas no meio ambiente<\/p>\n","protected":false},"author":1,"featured_media":129,"comment_status":"closed","ping_status":"closed","sticky":false,"template":"","format":"standard","meta":{"footnotes":""},"categories":[6],"tags":[16,17],"class_list":["post-128","post","type-post","status-publish","format-standard","has-post-thumbnail","hentry","category-noticias","tag-abelha","tag-curso"],"_links":{"self":[{"href":"https:\/\/www.cetap.org.br\/site\/wp-json\/wp\/v2\/posts\/128","targetHints":{"allow":["GET"]}}],"collection":[{"href":"https:\/\/www.cetap.org.br\/site\/wp-json\/wp\/v2\/posts"}],"about":[{"href":"https:\/\/www.cetap.org.br\/site\/wp-json\/wp\/v2\/types\/post"}],"author":[{"embeddable":true,"href":"https:\/\/www.cetap.org.br\/site\/wp-json\/wp\/v2\/users\/1"}],"replies":[{"embeddable":true,"href":"https:\/\/www.cetap.org.br\/site\/wp-json\/wp\/v2\/comments?post=128"}],"version-history":[{"count":5,"href":"https:\/\/www.cetap.org.br\/site\/wp-json\/wp\/v2\/posts\/128\/revisions"}],"predecessor-version":[{"id":141,"href":"https:\/\/www.cetap.org.br\/site\/wp-json\/wp\/v2\/posts\/128\/revisions\/141"}],"wp:featuredmedia":[{"embeddable":true,"href":"https:\/\/www.cetap.org.br\/site\/wp-json\/wp\/v2\/media\/129"}],"wp:attachment":[{"href":"https:\/\/www.cetap.org.br\/site\/wp-json\/wp\/v2\/media?parent=128"}],"wp:term":[{"taxonomy":"category","embeddable":true,"href":"https:\/\/www.cetap.org.br\/site\/wp-json\/wp\/v2\/categories?post=128"},{"taxonomy":"post_tag","embeddable":true,"href":"https:\/\/www.cetap.org.br\/site\/wp-json\/wp\/v2\/tags?post=128"}],"curies":[{"name":"wp","href":"https:\/\/api.w.org\/{rel}","templated":true}]}}